{"id":2648,"date":"2021-03-22T13:25:49","date_gmt":"2021-03-22T13:25:49","guid":{"rendered":"https:\/\/energiaaeterna.com\/neue-kooperationsvereinbarung-zwischen-energia-aeterna-und-endesa-x\/"},"modified":"2025-03-26T17:30:25","modified_gmt":"2025-03-26T17:30:25","slug":"neue-kooperationsvereinbarung-zwischen-energia-aeterna-und-endesa-x","status":"publish","type":"post","link":"https:\/\/energiaaeterna.com\/de\/neue-kooperationsvereinbarung-zwischen-energia-aeterna-und-endesa-x\/","title":{"rendered":"Neue Kooperationsvereinbarung zwischen Energ\u00eda Aeterna und Endesa X"},"content":{"rendered":"<div class=\"fusion-fullwidth fullwidth-box fusion-builder-row-1 fusion-flex-container fusion-parallax-none nonhundred-percent-fullwidth non-hundred-percent-height-scrolling lazyload\" style=\"--awb-border-radius-top-left:0px;--awb-border-radius-top-right:0px;--awb-border-radius-bottom-right:0px;--awb-border-radius-bottom-left:0px;--awb-padding-top:150px;--awb-padding-bottom:90px;--awb-background-size:cover;--awb-flex-wrap:wrap;\" data-bg=\"https:\/\/energiaaeterna.com\/wp-content\/uploads\/2016\/11\/avada-science-home.jpg\" ><div class=\"fusion-builder-row fusion-row fusion-flex-align-items-flex-start fusion-flex-content-wrap\" style=\"max-width:1216.8px;margin-left: calc(-4% \/ 2 );margin-right: calc(-4% \/ 2 );\"><div class=\"fusion-layout-column fusion_builder_column fusion-builder-column-0 fusion_builder_column_1_6 1_6 fusion-flex-column\" style=\"--awb-bg-size:cover;--awb-width-large:16.666666666667%;--awb-margin-top-large:0px;--awb-spacing-right-large:11.52%;--awb-margin-bottom-large:0px;--awb-spacing-left-large:11.52%;--awb-width-medium:100%;--awb-spacing-right-medium:1.92%;--awb-spacing-left-medium:1.92%;--awb-width-small:100%;--awb-spacing-right-small:1.92%;--awb-spacing-left-small:1.92%;\"><div class=\"fusion-column-wrapper fusion-flex-justify-content-flex-start fusion-content-layout-column\"><\/div><\/div><div class=\"fusion-layout-column fusion_builder_column fusion-builder-column-1 fusion_builder_column_2_3 2_3 fusion-flex-column\" style=\"--awb-padding-top:50px;--awb-padding-right:50px;--awb-padding-bottom:30px;--awb-padding-left:50px;--awb-bg-color:#ffffff;--awb-bg-color-hover:#ffffff;--awb-bg-size:cover;--awb-width-large:66.666666666667%;--awb-margin-top-large:0px;--awb-spacing-right-large:2.88%;--awb-margin-bottom-large:0px;--awb-spacing-left-large:2.88%;--awb-width-medium:100%;--awb-spacing-right-medium:1.92%;--awb-spacing-left-medium:1.92%;--awb-width-small:100%;--awb-spacing-right-small:1.92%;--awb-spacing-left-small:1.92%;\"><div class=\"fusion-column-wrapper fusion-flex-justify-content-flex-start fusion-content-layout-column\"><div class=\"fusion-text fusion-text-1\"><h3 id=\"titNoticia\">Energ\u00eda Aeterna wird die Energieprodukte und -dienstleistungen von Endesa vermarkten X<\/h3>\n<\/div><\/div><\/div><div class=\"fusion-layout-column fusion_builder_column fusion-builder-column-2 fusion_builder_column_1_6 1_6 fusion-flex-column\" style=\"--awb-bg-size:cover;--awb-width-large:16.666666666667%;--awb-margin-top-large:0px;--awb-spacing-right-large:11.52%;--awb-margin-bottom-large:0px;--awb-spacing-left-large:11.52%;--awb-width-medium:100%;--awb-spacing-right-medium:1.92%;--awb-spacing-left-medium:1.92%;--awb-width-small:100%;--awb-spacing-right-small:1.92%;--awb-spacing-left-small:1.92%;\"><div class=\"fusion-column-wrapper fusion-flex-justify-content-flex-start fusion-content-layout-column\"><\/div><\/div><div class=\"fusion-layout-column fusion_builder_column fusion-builder-column-3 fusion_builder_column_1_6 1_6 fusion-flex-column\" style=\"--awb-bg-size:cover;--awb-width-large:16.666666666667%;--awb-margin-top-large:0px;--awb-spacing-right-large:11.52%;--awb-margin-bottom-large:0px;--awb-spacing-left-large:11.52%;--awb-width-medium:100%;--awb-spacing-right-medium:1.92%;--awb-spacing-left-medium:1.92%;--awb-width-small:100%;--awb-spacing-right-small:1.92%;--awb-spacing-left-small:1.92%;\"><div class=\"fusion-column-wrapper fusion-flex-justify-content-flex-start fusion-content-layout-column\"><\/div><\/div><div class=\"fusion-layout-column fusion_builder_column fusion-builder-column-4 fusion_builder_column_2_3 2_3 fusion-flex-column\" style=\"--awb-bg-size:cover;--awb-width-large:66.666666666667%;--awb-margin-top-large:0px;--awb-spacing-right-large:2.88%;--awb-margin-bottom-large:0px;--awb-spacing-left-large:2.88%;--awb-width-medium:100%;--awb-spacing-right-medium:1.92%;--awb-spacing-left-medium:1.92%;--awb-width-small:100%;--awb-spacing-right-small:1.92%;--awb-spacing-left-small:1.92%;\"><div class=\"fusion-column-wrapper fusion-flex-justify-content-flex-start fusion-content-layout-column\"><div class=\"fusion-image-element \" style=\"--awb-caption-title-font-family:var(--h2_typography-font-family);--awb-caption-title-font-weight:var(--h2_typography-font-weight);--awb-caption-title-font-style:var(--h2_typography-font-style);--awb-caption-title-size:var(--h2_typography-font-size);--awb-caption-title-transform:var(--h2_typography-text-transform);--awb-caption-title-line-height:var(--h2_typography-line-height);--awb-caption-title-letter-spacing:var(--h2_typography-letter-spacing);\"><span class=\" fusion-imageframe imageframe-none imageframe-1 hover-type-zoomin\"><a href=\"https:\/\/energiaaeterna.com\/wp-content\/uploads\/2021\/03\/endesa-x.png\" class=\"fusion-lightbox\" data-rel=\"iLightbox[d42d76810781c5cc7e0]\" data-title=\"endesa-x\" title=\"endesa-x\"><img decoding=\"async\" width=\"696\" height=\"435\" src=\"https:\/\/energiaaeterna.com\/wp-content\/uploads\/2021\/03\/endesa-x.png\" data-orig-src=\"https:\/\/energiaaeterna.com\/wp-content\/uploads\/2021\/03\/endesa-x.png\" alt class=\"lazyload img-responsive wp-image-2651\" srcset=\"data:image\/svg+xml,%3Csvg%20xmlns%3D%27http%3A%2F%2Fwww.w3.org%2F2000%2Fsvg%27%20width%3D%27696%27%20height%3D%27435%27%20viewBox%3D%270%200%20696%20435%27%3E%3Crect%20width%3D%27696%27%20height%3D%27435%27%20fill-opacity%3D%220%22%2F%3E%3C%2Fsvg%3E\" data-srcset=\"https:\/\/energiaaeterna.com\/wp-content\/uploads\/2021\/03\/endesa-x-200x125.png 200w, https:\/\/energiaaeterna.com\/wp-content\/uploads\/2021\/03\/endesa-x-400x250.png 400w, https:\/\/energiaaeterna.com\/wp-content\/uploads\/2021\/03\/endesa-x-600x375.png 600w, https:\/\/energiaaeterna.com\/wp-content\/uploads\/2021\/03\/endesa-x.png 696w\" data-sizes=\"auto\" data-orig-sizes=\"(max-width: 1024px) 100vw, (max-width: 640px) 100vw, 696px\" \/><\/a><\/span><\/div><\/div><\/div><div class=\"fusion-layout-column fusion_builder_column fusion-builder-column-5 fusion_builder_column_1_6 1_6 fusion-flex-column\" style=\"--awb-bg-size:cover;--awb-width-large:16.666666666667%;--awb-margin-top-large:0px;--awb-spacing-right-large:11.52%;--awb-margin-bottom-large:0px;--awb-spacing-left-large:11.52%;--awb-width-medium:100%;--awb-spacing-right-medium:1.92%;--awb-spacing-left-medium:1.92%;--awb-width-small:100%;--awb-spacing-right-small:1.92%;--awb-spacing-left-small:1.92%;\"><div class=\"fusion-column-wrapper fusion-flex-justify-content-flex-start fusion-content-layout-column\"><\/div><\/div><div class=\"fusion-layout-column fusion_builder_column fusion-builder-column-6 fusion_builder_column_1_6 1_6 fusion-flex-column\" style=\"--awb-bg-size:cover;--awb-width-large:16.666666666667%;--awb-margin-top-large:0px;--awb-spacing-right-large:11.52%;--awb-margin-bottom-large:0px;--awb-spacing-left-large:11.52%;--awb-width-medium:100%;--awb-spacing-right-medium:1.92%;--awb-spacing-left-medium:1.92%;--awb-width-small:100%;--awb-spacing-right-small:1.92%;--awb-spacing-left-small:1.92%;\"><div class=\"fusion-column-wrapper fusion-flex-justify-content-flex-start fusion-content-layout-column\"><\/div><\/div><div class=\"fusion-layout-column fusion_builder_column fusion-builder-column-7 fusion_builder_column_2_3 2_3 fusion-flex-column\" style=\"--awb-padding-top:50px;--awb-padding-right:50px;--awb-padding-bottom:50px;--awb-padding-left:50px;--awb-bg-color:#ffffff;--awb-bg-color-hover:#ffffff;--awb-bg-size:cover;--awb-border-color:#25afb4;--awb-border-bottom:8px;--awb-border-style:solid;--awb-width-large:66.666666666667%;--awb-margin-top-large:0px;--awb-spacing-right-large:2.88%;--awb-margin-bottom-large:0px;--awb-spacing-left-large:2.88%;--awb-width-medium:100%;--awb-spacing-right-medium:1.92%;--awb-spacing-left-medium:1.92%;--awb-width-small:100%;--awb-spacing-right-small:1.92%;--awb-spacing-left-small:1.92%;\"><div class=\"fusion-column-wrapper fusion-flex-justify-content-flex-start fusion-content-layout-column\"><div class=\"fusion-text fusion-text-2\"><p><a href=\"https:\/\/energiaaeterna.com\/de\/\">Energ\u00eda Aeterna<\/a> unterzeichnet eine Kooperationsvereinbarung mit Endesa X, das zur Enel X-Gruppe geh\u00f6rt, einem globalen Unternehmen, das die Transformation des Energiesektors anf\u00fchrt. Enel X hat eine starke Pr\u00e4senz auf der ganzen Welt und expandiert weiter, um eine Gemeinschaft und ein Netzwerk zu schaffen, das auf die Entwicklung innovativer L\u00f6sungen f\u00fcr die Zukunft ausgerichtet ist.<\/p>\n<\/div><div class=\"fusion-separator fusion-full-width-sep\" style=\"align-self: center;margin-left: auto;margin-right: auto;margin-top:40px;width:100%;\"><\/div><div class=\"fusion-sharing-box fusion-sharing-box-1 boxed-icons has-taglines layout-floated layout-medium-floated layout-small-floated\" style=\"background-color:#f6f6f6;--awb-layout:row;--awb-alignment-small:space-between;\" data-title=\"Neue Kooperationsvereinbarung zwischen Energ\u00eda Aeterna und Endesa X\" data-description=\"Energ\u00eda Aeterna wird die Energieprodukte und -dienstleistungen von Endesa vermarkten X    \r\n\r\nEnerg\u00eda Aeterna unterzeichnet eine Kooperationsvereinbarung mit Endesa X, das zur Enel X-Gruppe geh\u00f6rt, einem globalen Unternehmen, das die Transformation des Energiesektors anf\u00fchrt. Enel X hat eine starke Pr\u00e4senz auf der ganzen Welt und expandiert weiter,\" data-link=\"https:\/\/energiaaeterna.com\/de\/neue-kooperationsvereinbarung-zwischen-energia-aeterna-und-endesa-x\/\"><h4 class=\"tagline\" style=\"color:#858a9f;\">Teilen Sie es<\/h4><div class=\"fusion-social-networks sharingbox-shortcode-icon-wrapper sharingbox-shortcode-icon-wrapper-1 boxed-icons\"><span><a href=\"https:\/\/www.facebook.com\/sharer.php?u=https%3A%2F%2Fenergiaaeterna.com%2Fde%2Fneue-kooperationsvereinbarung-zwischen-energia-aeterna-und-endesa-x%2F&amp;t=Neue%20Kooperationsvereinbarung%20zwischen%20Energ%C3%ADa%20Aeterna%20und%20Endesa%20X\" target=\"_blank\" rel=\"noreferrer\" title=\"Facebook\" aria-label=\"Facebook\"><i class=\"fusion-social-network-icon fusion-tooltip fusion-facebook awb-icon-facebook\" style=\"color:#ffffff;background-color:#3b5998;border-color:#3b5998;border-radius:0px;\" aria-hidden=\"true\"><\/i><\/a><\/span><span><a href=\"https:\/\/x.com\/intent\/post?text=Neue%20Kooperationsvereinbarung%20zwischen%20Energ%C3%ADa%20Aeterna%20und%20Endesa%20X&amp;url=https%3A%2F%2Fenergiaaeterna.com%2Fde%2Fneue-kooperationsvereinbarung-zwischen-energia-aeterna-und-endesa-x%2F\" target=\"_blank\" rel=\"noopener noreferrer\" title=\"X\" aria-label=\"X\"><i class=\"fusion-social-network-icon fusion-tooltip fusion-twitter awb-icon-twitter\" style=\"color:#ffffff;background-color:#000000;border-color:#000000;border-radius:0px;\" aria-hidden=\"true\"><\/i><\/a><\/span><span><a href=\"https:\/\/www.linkedin.com\/shareArticle?mini=true&amp;url=https%3A%2F%2Fenergiaaeterna.com%2Fde%2Fneue-kooperationsvereinbarung-zwischen-energia-aeterna-und-endesa-x%2F&amp;title=Neue%20Kooperationsvereinbarung%20zwischen%20Energ%C3%ADa%20Aeterna%20und%20Endesa%20X&amp;summary=Energ%C3%ADa%20Aeterna%20wird%20die%20Energieprodukte%20und%20-dienstleistungen%20von%20Endesa%20vermarkten%20X%20%20%20%20%20%20%20%0D%0A%0D%0AEnerg%C3%ADa%20Aeterna%20unterzeichnet%20eine%20Kooperationsvereinbarung%20mit%20Endesa%20X%2C%20das%20zur%20Enel%20X-Gruppe%20geh%C3%B6rt%2C%20einem%20globalen%20Unternehmen%2C%20das%20die%20Transformation%20des%20Energiesektors%20anf%C3%BChrt.%20Enel%20X%20hat%20eine%20starke%20Pr%C3%A4senz%20auf%20der%20ganzen%20Welt%20und%20expandiert%20weiter%2C\" target=\"_blank\" rel=\"noopener noreferrer\" title=\"LinkedIn\" aria-label=\"LinkedIn\"><i class=\"fusion-social-network-icon fusion-tooltip fusion-linkedin awb-icon-linkedin\" style=\"color:#ffffff;background-color:#0077b5;border-color:#0077b5;border-radius:0px;\" aria-hidden=\"true\"><\/i><\/a><\/span><span><a href=\"https:\/\/api.whatsapp.com\/send?text=https%3A%2F%2Fenergiaaeterna.com%2Fde%2Fneue-kooperationsvereinbarung-zwischen-energia-aeterna-und-endesa-x%2F\" target=\"_blank\" rel=\"noopener noreferrer\" title=\"WhatsApp\" aria-label=\"WhatsApp\"><i class=\"fusion-social-network-icon fusion-tooltip fusion-whatsapp awb-icon-whatsapp\" style=\"color:#ffffff;background-color:#77e878;border-color:#77e878;border-radius:0px;\" aria-hidden=\"true\"><\/i><\/a><\/span><\/div><\/div><\/div><\/div><div class=\"fusion-layout-column fusion_builder_column fusion-builder-column-8 fusion_builder_column_1_6 1_6 fusion-flex-column\" style=\"--awb-bg-size:cover;--awb-width-large:16.666666666667%;--awb-margin-top-large:0px;--awb-spacing-right-large:11.52%;--awb-margin-bottom-large:0px;--awb-spacing-left-large:11.52%;--awb-width-medium:100%;--awb-spacing-right-medium:1.92%;--awb-spacing-left-medium:1.92%;--awb-width-small:100%;--awb-spacing-right-small:1.92%;--awb-spacing-left-small:1.92%;\"><div class=\"fusion-column-wrapper fusion-flex-justify-content-flex-start fusion-content-layout-column\"><\/div><\/div><\/div><\/div>\n","protected":false},"excerpt":{"rendered":"","protected":false},"author":1,"featured_media":2650,"comment_status":"open","ping_status":"closed","sticky":false,"template":"","format":"standard","meta":{"footnotes":""},"categories":[200,186],"tags":[201,271,270,272,206,204,205],"class_list":["post-2648","post","type-post","status-publish","format-standard","has-post-thumbnail","hentry","category-nachrichten","category-nicht-kategorisiert","tag-aetherna-energie","tag-endesa-x-de","tag-endesa-ladestationen","tag-enel-x-de","tag-erneuerbare-energien-teneriffa","tag-kanarische-erneuerbare-energien","tag-solarenergie-kanarische-inseln"],"yoast_head":"<!-- This site is optimized with the Yoast SEO plugin v27.5 - https:\/\/yoast.com\/product\/yoast-seo-wordpress\/ -->\n<title>Neue Kooperationsvereinbarung zwischen Energ\u00eda Aeterna und Endesa X | Energ\u00eda Aeterna<\/title>\n<meta name=\"description\" content=\"Energ\u00eda Aeterna trifft eine Vereinbarung mit Endesa X \u00fcber die Vermarktung seiner Produkte auf den Kanarischen Inseln. Unternehmen der Gruppe Enel X.\" \/>\n<meta name=\"robots\" content=\"index, follow, max-snippet:-1, max-image-preview:large, max-video-preview:-1\" \/>\n<link rel=\"canonical\" href=\"https:\/\/energiaaeterna.com\/de\/neue-kooperationsvereinbarung-zwischen-energia-aeterna-und-endesa-x\/\" \/>\n<meta property=\"og:locale\" content=\"de_DE\" \/>\n<meta property=\"og:type\" content=\"article\" \/>\n<meta property=\"og:title\" content=\"Neue Kooperationsvereinbarung zwischen Energ\u00eda Aeterna und Endesa X | Energ\u00eda Aeterna\" \/>\n<meta property=\"og:description\" content=\"Energ\u00eda Aeterna trifft eine Vereinbarung mit Endesa X \u00fcber die Vermarktung seiner Produkte auf den Kanarischen Inseln. Unternehmen der Gruppe Enel X.\" \/>\n<meta property=\"og:url\" content=\"https:\/\/energiaaeterna.com\/de\/neue-kooperationsvereinbarung-zwischen-energia-aeterna-und-endesa-x\/\" \/>\n<meta property=\"og:site_name\" content=\"Energ\u00eda Aeterna\" \/>\n<meta property=\"article:publisher\" content=\"https:\/\/www.facebook.com\/energiaaeterna\/\" \/>\n<meta property=\"article:published_time\" content=\"2021-03-22T13:25:49+00:00\" \/>\n<meta property=\"article:modified_time\" content=\"2025-03-26T17:30:25+00:00\" \/>\n<meta property=\"og:image\" content=\"https:\/\/energiaaeterna.com\/wp-content\/uploads\/2021\/03\/endesa-X.jpeg\" \/>\n\t<meta property=\"og:image:width\" content=\"1254\" \/>\n\t<meta property=\"og:image:height\" content=\"550\" \/>\n\t<meta property=\"og:image:type\" content=\"image\/jpeg\" \/>\n<meta name=\"author\" content=\"admin\" \/>\n<meta name=\"twitter:card\" content=\"summary_large_image\" \/>\n<meta name=\"twitter:label1\" content=\"Verfasst von\" \/>\n\t<meta name=\"twitter:data1\" content=\"admin\" \/>\n\t<meta name=\"twitter:label2\" content=\"Gesch\u00e4tzte Lesezeit\" \/>\n\t<meta name=\"twitter:data2\" content=\"6\u00a0Minuten\" \/>\n<script type=\"application\/ld+json\" class=\"yoast-schema-graph\">{\"@context\":\"https:\\\/\\\/schema.org\",\"@graph\":[{\"@type\":\"Article\",\"@id\":\"https:\\\/\\\/energiaaeterna.com\\\/de\\\/neue-kooperationsvereinbarung-zwischen-energia-aeterna-und-endesa-x\\\/#article\",\"isPartOf\":{\"@id\":\"https:\\\/\\\/energiaaeterna.com\\\/de\\\/neue-kooperationsvereinbarung-zwischen-energia-aeterna-und-endesa-x\\\/\"},\"author\":{\"name\":\"admin\",\"@id\":\"https:\\\/\\\/energiaaeterna.com\\\/de\\\/#\\\/schema\\\/person\\\/50e901fb125a8ad644cb8ab2383aeef3\"},\"headline\":\"Neue Kooperationsvereinbarung zwischen Energ\u00eda Aeterna und Endesa X\",\"datePublished\":\"2021-03-22T13:25:49+00:00\",\"dateModified\":\"2025-03-26T17:30:25+00:00\",\"mainEntityOfPage\":{\"@id\":\"https:\\\/\\\/energiaaeterna.com\\\/de\\\/neue-kooperationsvereinbarung-zwischen-energia-aeterna-und-endesa-x\\\/\"},\"wordCount\":1215,\"commentCount\":0,\"publisher\":{\"@id\":\"https:\\\/\\\/energiaaeterna.com\\\/de\\\/#organization\"},\"image\":{\"@id\":\"https:\\\/\\\/energiaaeterna.com\\\/de\\\/neue-kooperationsvereinbarung-zwischen-energia-aeterna-und-endesa-x\\\/#primaryimage\"},\"thumbnailUrl\":\"https:\\\/\\\/energiaaeterna.com\\\/wp-content\\\/uploads\\\/2021\\\/03\\\/endesa-X.jpeg\",\"keywords\":[\"aetherna Energie\",\"Endesa X\",\"Endesa-Ladestationen\",\"Enel X\",\"Erneuerbare Energien Teneriffa\",\"Kanarische erneuerbare Energien\",\"Solarenergie Kanarische Inseln\"],\"articleSection\":[\"Nachrichten\",\"Nicht kategorisiert\"],\"inLanguage\":\"de\",\"potentialAction\":[{\"@type\":\"CommentAction\",\"name\":\"Comment\",\"target\":[\"https:\\\/\\\/energiaaeterna.com\\\/de\\\/neue-kooperationsvereinbarung-zwischen-energia-aeterna-und-endesa-x\\\/#respond\"]}]},{\"@type\":\"WebPage\",\"@id\":\"https:\\\/\\\/energiaaeterna.com\\\/de\\\/neue-kooperationsvereinbarung-zwischen-energia-aeterna-und-endesa-x\\\/\",\"url\":\"https:\\\/\\\/energiaaeterna.com\\\/de\\\/neue-kooperationsvereinbarung-zwischen-energia-aeterna-und-endesa-x\\\/\",\"name\":\"Neue Kooperationsvereinbarung zwischen Energ\u00eda Aeterna und Endesa X | Energ\u00eda Aeterna\",\"isPartOf\":{\"@id\":\"https:\\\/\\\/energiaaeterna.com\\\/de\\\/#website\"},\"primaryImageOfPage\":{\"@id\":\"https:\\\/\\\/energiaaeterna.com\\\/de\\\/neue-kooperationsvereinbarung-zwischen-energia-aeterna-und-endesa-x\\\/#primaryimage\"},\"image\":{\"@id\":\"https:\\\/\\\/energiaaeterna.com\\\/de\\\/neue-kooperationsvereinbarung-zwischen-energia-aeterna-und-endesa-x\\\/#primaryimage\"},\"thumbnailUrl\":\"https:\\\/\\\/energiaaeterna.com\\\/wp-content\\\/uploads\\\/2021\\\/03\\\/endesa-X.jpeg\",\"datePublished\":\"2021-03-22T13:25:49+00:00\",\"dateModified\":\"2025-03-26T17:30:25+00:00\",\"description\":\"Energ\u00eda Aeterna trifft eine Vereinbarung mit Endesa X \u00fcber die Vermarktung seiner Produkte auf den Kanarischen Inseln. Unternehmen der Gruppe Enel X.\",\"breadcrumb\":{\"@id\":\"https:\\\/\\\/energiaaeterna.com\\\/de\\\/neue-kooperationsvereinbarung-zwischen-energia-aeterna-und-endesa-x\\\/#breadcrumb\"},\"inLanguage\":\"de\",\"potentialAction\":[{\"@type\":\"ReadAction\",\"target\":[\"https:\\\/\\\/energiaaeterna.com\\\/de\\\/neue-kooperationsvereinbarung-zwischen-energia-aeterna-und-endesa-x\\\/\"]}]},{\"@type\":\"ImageObject\",\"inLanguage\":\"de\",\"@id\":\"https:\\\/\\\/energiaaeterna.com\\\/de\\\/neue-kooperationsvereinbarung-zwischen-energia-aeterna-und-endesa-x\\\/#primaryimage\",\"url\":\"https:\\\/\\\/energiaaeterna.com\\\/wp-content\\\/uploads\\\/2021\\\/03\\\/endesa-X.jpeg\",\"contentUrl\":\"https:\\\/\\\/energiaaeterna.com\\\/wp-content\\\/uploads\\\/2021\\\/03\\\/endesa-X.jpeg\",\"width\":1254,\"height\":550},{\"@type\":\"BreadcrumbList\",\"@id\":\"https:\\\/\\\/energiaaeterna.com\\\/de\\\/neue-kooperationsvereinbarung-zwischen-energia-aeterna-und-endesa-x\\\/#breadcrumb\",\"itemListElement\":[{\"@type\":\"ListItem\",\"position\":1,\"name\":\"Home\",\"item\":\"https:\\\/\\\/energiaaeterna.com\\\/de\\\/\"},{\"@type\":\"ListItem\",\"position\":2,\"name\":\"Neue Kooperationsvereinbarung zwischen Energ\u00eda Aeterna und Endesa X\"}]},{\"@type\":\"WebSite\",\"@id\":\"https:\\\/\\\/energiaaeterna.com\\\/de\\\/#website\",\"url\":\"https:\\\/\\\/energiaaeterna.com\\\/de\\\/\",\"name\":\"Energ\u00eda Aeterna\",\"description\":\"Empresa de Energ\u00edas Renovables en Tenerife\",\"publisher\":{\"@id\":\"https:\\\/\\\/energiaaeterna.com\\\/de\\\/#organization\"},\"potentialAction\":[{\"@type\":\"SearchAction\",\"target\":{\"@type\":\"EntryPoint\",\"urlTemplate\":\"https:\\\/\\\/energiaaeterna.com\\\/de\\\/?s={search_term_string}\"},\"query-input\":{\"@type\":\"PropertyValueSpecification\",\"valueRequired\":true,\"valueName\":\"search_term_string\"}}],\"inLanguage\":\"de\"},{\"@type\":\"Organization\",\"@id\":\"https:\\\/\\\/energiaaeterna.com\\\/de\\\/#organization\",\"name\":\"Energ\u00eda Aeterna\",\"url\":\"https:\\\/\\\/energiaaeterna.com\\\/de\\\/\",\"logo\":{\"@type\":\"ImageObject\",\"inLanguage\":\"de\",\"@id\":\"https:\\\/\\\/energiaaeterna.com\\\/de\\\/#\\\/schema\\\/logo\\\/image\\\/\",\"url\":\"https:\\\/\\\/i2.wp.com\\\/energiaaeterna.com\\\/wp-content\\\/uploads\\\/2019\\\/08\\\/Energia-Aeterna-Logo-2-Color.png?fit=3544%2C947&ssl=1\",\"contentUrl\":\"https:\\\/\\\/i2.wp.com\\\/energiaaeterna.com\\\/wp-content\\\/uploads\\\/2019\\\/08\\\/Energia-Aeterna-Logo-2-Color.png?fit=3544%2C947&ssl=1\",\"width\":3544,\"height\":947,\"caption\":\"Energ\u00eda Aeterna\"},\"image\":{\"@id\":\"https:\\\/\\\/energiaaeterna.com\\\/de\\\/#\\\/schema\\\/logo\\\/image\\\/\"},\"sameAs\":[\"https:\\\/\\\/www.facebook.com\\\/energiaaeterna\\\/\",\"https:\\\/\\\/www.instagram.com\\\/energiaaeterna\\\/\",\"https:\\\/\\\/www.linkedin.com\\\/company\\\/77012092\\\/admin\\\/\"]},{\"@type\":\"Person\",\"@id\":\"https:\\\/\\\/energiaaeterna.com\\\/de\\\/#\\\/schema\\\/person\\\/50e901fb125a8ad644cb8ab2383aeef3\",\"name\":\"admin\",\"image\":{\"@type\":\"ImageObject\",\"inLanguage\":\"de\",\"@id\":\"https:\\\/\\\/secure.gravatar.com\\\/avatar\\\/007fd41d527922d4346e4884737adb9b9c16a5c1beab37f9b8f3fbc5d1f0742b?s=96&d=mm&r=g\",\"url\":\"https:\\\/\\\/secure.gravatar.com\\\/avatar\\\/007fd41d527922d4346e4884737adb9b9c16a5c1beab37f9b8f3fbc5d1f0742b?s=96&d=mm&r=g\",\"contentUrl\":\"https:\\\/\\\/secure.gravatar.com\\\/avatar\\\/007fd41d527922d4346e4884737adb9b9c16a5c1beab37f9b8f3fbc5d1f0742b?s=96&d=mm&r=g\",\"caption\":\"admin\"}}]}<\/script>\n<!-- \/ Yoast SEO plugin. -->","yoast_head_json":{"title":"Neue Kooperationsvereinbarung zwischen Energ\u00eda Aeterna und Endesa X | Energ\u00eda Aeterna","description":"Energ\u00eda Aeterna trifft eine Vereinbarung mit Endesa X \u00fcber die Vermarktung seiner Produkte auf den Kanarischen Inseln. Unternehmen der Gruppe Enel X.","robots":{"index":"index","follow":"follow","max-snippet":"max-snippet:-1","max-image-preview":"max-image-preview:large","max-video-preview":"max-video-preview:-1"},"canonical":"https:\/\/energiaaeterna.com\/de\/neue-kooperationsvereinbarung-zwischen-energia-aeterna-und-endesa-x\/","og_locale":"de_DE","og_type":"article","og_title":"Neue Kooperationsvereinbarung zwischen Energ\u00eda Aeterna und Endesa X | Energ\u00eda Aeterna","og_description":"Energ\u00eda Aeterna trifft eine Vereinbarung mit Endesa X \u00fcber die Vermarktung seiner Produkte auf den Kanarischen Inseln. Unternehmen der Gruppe Enel X.","og_url":"https:\/\/energiaaeterna.com\/de\/neue-kooperationsvereinbarung-zwischen-energia-aeterna-und-endesa-x\/","og_site_name":"Energ\u00eda Aeterna","article_publisher":"https:\/\/www.facebook.com\/energiaaeterna\/","article_published_time":"2021-03-22T13:25:49+00:00","article_modified_time":"2025-03-26T17:30:25+00:00","og_image":[{"width":1254,"height":550,"url":"https:\/\/energiaaeterna.com\/wp-content\/uploads\/2021\/03\/endesa-X.jpeg","type":"image\/jpeg"}],"author":"admin","twitter_card":"summary_large_image","twitter_misc":{"Verfasst von":"admin","Gesch\u00e4tzte Lesezeit":"6\u00a0Minuten"},"schema":{"@context":"https:\/\/schema.org","@graph":[{"@type":"Article","@id":"https:\/\/energiaaeterna.com\/de\/neue-kooperationsvereinbarung-zwischen-energia-aeterna-und-endesa-x\/#article","isPartOf":{"@id":"https:\/\/energiaaeterna.com\/de\/neue-kooperationsvereinbarung-zwischen-energia-aeterna-und-endesa-x\/"},"author":{"name":"admin","@id":"https:\/\/energiaaeterna.com\/de\/#\/schema\/person\/50e901fb125a8ad644cb8ab2383aeef3"},"headline":"Neue Kooperationsvereinbarung zwischen Energ\u00eda Aeterna und Endesa X","datePublished":"2021-03-22T13:25:49+00:00","dateModified":"2025-03-26T17:30:25+00:00","mainEntityOfPage":{"@id":"https:\/\/energiaaeterna.com\/de\/neue-kooperationsvereinbarung-zwischen-energia-aeterna-und-endesa-x\/"},"wordCount":1215,"commentCount":0,"publisher":{"@id":"https:\/\/energiaaeterna.com\/de\/#organization"},"image":{"@id":"https:\/\/energiaaeterna.com\/de\/neue-kooperationsvereinbarung-zwischen-energia-aeterna-und-endesa-x\/#primaryimage"},"thumbnailUrl":"https:\/\/energiaaeterna.com\/wp-content\/uploads\/2021\/03\/endesa-X.jpeg","keywords":["aetherna Energie","Endesa X","Endesa-Ladestationen","Enel X","Erneuerbare Energien Teneriffa","Kanarische erneuerbare Energien","Solarenergie Kanarische Inseln"],"articleSection":["Nachrichten","Nicht kategorisiert"],"inLanguage":"de","potentialAction":[{"@type":"CommentAction","name":"Comment","target":["https:\/\/energiaaeterna.com\/de\/neue-kooperationsvereinbarung-zwischen-energia-aeterna-und-endesa-x\/#respond"]}]},{"@type":"WebPage","@id":"https:\/\/energiaaeterna.com\/de\/neue-kooperationsvereinbarung-zwischen-energia-aeterna-und-endesa-x\/","url":"https:\/\/energiaaeterna.com\/de\/neue-kooperationsvereinbarung-zwischen-energia-aeterna-und-endesa-x\/","name":"Neue Kooperationsvereinbarung zwischen Energ\u00eda Aeterna und Endesa X | Energ\u00eda Aeterna","isPartOf":{"@id":"https:\/\/energiaaeterna.com\/de\/#website"},"primaryImageOfPage":{"@id":"https:\/\/energiaaeterna.com\/de\/neue-kooperationsvereinbarung-zwischen-energia-aeterna-und-endesa-x\/#primaryimage"},"image":{"@id":"https:\/\/energiaaeterna.com\/de\/neue-kooperationsvereinbarung-zwischen-energia-aeterna-und-endesa-x\/#primaryimage"},"thumbnailUrl":"https:\/\/energiaaeterna.com\/wp-content\/uploads\/2021\/03\/endesa-X.jpeg","datePublished":"2021-03-22T13:25:49+00:00","dateModified":"2025-03-26T17:30:25+00:00","description":"Energ\u00eda Aeterna trifft eine Vereinbarung mit Endesa X \u00fcber die Vermarktung seiner Produkte auf den Kanarischen Inseln. Unternehmen der Gruppe Enel X.","breadcrumb":{"@id":"https:\/\/energiaaeterna.com\/de\/neue-kooperationsvereinbarung-zwischen-energia-aeterna-und-endesa-x\/#breadcrumb"},"inLanguage":"de","potentialAction":[{"@type":"ReadAction","target":["https:\/\/energiaaeterna.com\/de\/neue-kooperationsvereinbarung-zwischen-energia-aeterna-und-endesa-x\/"]}]},{"@type":"ImageObject","inLanguage":"de","@id":"https:\/\/energiaaeterna.com\/de\/neue-kooperationsvereinbarung-zwischen-energia-aeterna-und-endesa-x\/#primaryimage","url":"https:\/\/energiaaeterna.com\/wp-content\/uploads\/2021\/03\/endesa-X.jpeg","contentUrl":"https:\/\/energiaaeterna.com\/wp-content\/uploads\/2021\/03\/endesa-X.jpeg","width":1254,"height":550},{"@type":"BreadcrumbList","@id":"https:\/\/energiaaeterna.com\/de\/neue-kooperationsvereinbarung-zwischen-energia-aeterna-und-endesa-x\/#breadcrumb","itemListElement":[{"@type":"ListItem","position":1,"name":"Home","item":"https:\/\/energiaaeterna.com\/de\/"},{"@type":"ListItem","position":2,"name":"Neue Kooperationsvereinbarung zwischen Energ\u00eda Aeterna und Endesa X"}]},{"@type":"WebSite","@id":"https:\/\/energiaaeterna.com\/de\/#website","url":"https:\/\/energiaaeterna.com\/de\/","name":"Energ\u00eda Aeterna","description":"Empresa de Energ\u00edas Renovables en Tenerife","publisher":{"@id":"https:\/\/energiaaeterna.com\/de\/#organization"},"potentialAction":[{"@type":"SearchAction","target":{"@type":"EntryPoint","urlTemplate":"https:\/\/energiaaeterna.com\/de\/?s={search_term_string}"},"query-input":{"@type":"PropertyValueSpecification","valueRequired":true,"valueName":"search_term_string"}}],"inLanguage":"de"},{"@type":"Organization","@id":"https:\/\/energiaaeterna.com\/de\/#organization","name":"Energ\u00eda Aeterna","url":"https:\/\/energiaaeterna.com\/de\/","logo":{"@type":"ImageObject","inLanguage":"de","@id":"https:\/\/energiaaeterna.com\/de\/#\/schema\/logo\/image\/","url":"https:\/\/i2.wp.com\/energiaaeterna.com\/wp-content\/uploads\/2019\/08\/Energia-Aeterna-Logo-2-Color.png?fit=3544%2C947&ssl=1","contentUrl":"https:\/\/i2.wp.com\/energiaaeterna.com\/wp-content\/uploads\/2019\/08\/Energia-Aeterna-Logo-2-Color.png?fit=3544%2C947&ssl=1","width":3544,"height":947,"caption":"Energ\u00eda Aeterna"},"image":{"@id":"https:\/\/energiaaeterna.com\/de\/#\/schema\/logo\/image\/"},"sameAs":["https:\/\/www.facebook.com\/energiaaeterna\/","https:\/\/www.instagram.com\/energiaaeterna\/","https:\/\/www.linkedin.com\/company\/77012092\/admin\/"]},{"@type":"Person","@id":"https:\/\/energiaaeterna.com\/de\/#\/schema\/person\/50e901fb125a8ad644cb8ab2383aeef3","name":"admin","image":{"@type":"ImageObject","inLanguage":"de","@id":"https:\/\/secure.gravatar.com\/avatar\/007fd41d527922d4346e4884737adb9b9c16a5c1beab37f9b8f3fbc5d1f0742b?s=96&d=mm&r=g","url":"https:\/\/secure.gravatar.com\/avatar\/007fd41d527922d4346e4884737adb9b9c16a5c1beab37f9b8f3fbc5d1f0742b?s=96&d=mm&r=g","contentUrl":"https:\/\/secure.gravatar.com\/avatar\/007fd41d527922d4346e4884737adb9b9c16a5c1beab37f9b8f3fbc5d1f0742b?s=96&d=mm&r=g","caption":"admin"}}]}},"_links":{"self":[{"href":"https:\/\/energiaaeterna.com\/de\/wp-json\/wp\/v2\/posts\/2648","targetHints":{"allow":["GET"]}}],"collection":[{"href":"https:\/\/energiaaeterna.com\/de\/wp-json\/wp\/v2\/posts"}],"about":[{"href":"https:\/\/energiaaeterna.com\/de\/wp-json\/wp\/v2\/types\/post"}],"author":[{"embeddable":true,"href":"https:\/\/energiaaeterna.com\/de\/wp-json\/wp\/v2\/users\/1"}],"replies":[{"embeddable":true,"href":"https:\/\/energiaaeterna.com\/de\/wp-json\/wp\/v2\/comments?post=2648"}],"version-history":[{"count":1,"href":"https:\/\/energiaaeterna.com\/de\/wp-json\/wp\/v2\/posts\/2648\/revisions"}],"predecessor-version":[{"id":2654,"href":"https:\/\/energiaaeterna.com\/de\/wp-json\/wp\/v2\/posts\/2648\/revisions\/2654"}],"wp:featuredmedia":[{"embeddable":true,"href":"https:\/\/energiaaeterna.com\/de\/wp-json\/wp\/v2\/media\/2650"}],"wp:attachment":[{"href":"https:\/\/energiaaeterna.com\/de\/wp-json\/wp\/v2\/media?parent=2648"}],"wp:term":[{"taxonomy":"category","embeddable":true,"href":"https:\/\/energiaaeterna.com\/de\/wp-json\/wp\/v2\/categories?post=2648"},{"taxonomy":"post_tag","embeddable":true,"href":"https:\/\/energiaaeterna.com\/de\/wp-json\/wp\/v2\/tags?post=2648"}],"curies":[{"name":"wp","href":"https:\/\/api.w.org\/{rel}","templated":true}]}}