{"id":2593,"date":"2021-12-16T10:26:49","date_gmt":"2021-12-16T10:26:49","guid":{"rendered":"https:\/\/energiaaeterna.com\/boom-beim-eigenverbrauch-von-strom-vervierfachung-bis-2022\/"},"modified":"2025-03-26T17:30:24","modified_gmt":"2025-03-26T17:30:24","slug":"boom-beim-eigenverbrauch-von-strom-vervierfachung-bis-2022","status":"publish","type":"post","link":"https:\/\/energiaaeterna.com\/de\/boom-beim-eigenverbrauch-von-strom-vervierfachung-bis-2022\/","title":{"rendered":"Boom beim Eigenverbrauch von Strom! Vervierfachung bis 2022"},"content":{"rendered":"<div class=\"fusion-fullwidth fullwidth-box fusion-builder-row-1 fusion-flex-container fusion-parallax-none nonhundred-percent-fullwidth non-hundred-percent-height-scrolling lazyload\" style=\"--awb-border-radius-top-left:0px;--awb-border-radius-top-right:0px;--awb-border-radius-bottom-right:0px;--awb-border-radius-bottom-left:0px;--awb-padding-top:150px;--awb-padding-bottom:90px;--awb-background-size:cover;--awb-flex-wrap:wrap;\" data-bg=\"https:\/\/energiaaeterna.com\/wp-content\/uploads\/2016\/11\/avada-science-home.jpg\" ><div class=\"fusion-builder-row fusion-row fusion-flex-align-items-flex-start fusion-flex-content-wrap\" style=\"max-width:1216.8px;margin-left: calc(-4% \/ 2 );margin-right: calc(-4% \/ 2 );\"><div class=\"fusion-layout-column fusion_builder_column fusion-builder-column-0 fusion_builder_column_1_6 1_6 fusion-flex-column\" style=\"--awb-bg-size:cover;--awb-width-large:16.666666666667%;--awb-margin-top-large:0px;--awb-spacing-right-large:11.52%;--awb-margin-bottom-large:0px;--awb-spacing-left-large:11.52%;--awb-width-medium:100%;--awb-spacing-right-medium:1.92%;--awb-spacing-left-medium:1.92%;--awb-width-small:100%;--awb-spacing-right-small:1.92%;--awb-spacing-left-small:1.92%;\"><div class=\"fusion-column-wrapper fusion-flex-justify-content-flex-start fusion-content-layout-column\"><\/div><\/div><div class=\"fusion-layout-column fusion_builder_column fusion-builder-column-1 fusion_builder_column_2_3 2_3 fusion-flex-column\" style=\"--awb-padding-top:50px;--awb-padding-right:50px;--awb-padding-bottom:30px;--awb-padding-left:50px;--awb-bg-color:#ffffff;--awb-bg-color-hover:#ffffff;--awb-bg-size:cover;--awb-width-large:66.666666666667%;--awb-margin-top-large:0px;--awb-spacing-right-large:2.88%;--awb-margin-bottom-large:0px;--awb-spacing-left-large:2.88%;--awb-width-medium:100%;--awb-spacing-right-medium:1.92%;--awb-spacing-left-medium:1.92%;--awb-width-small:100%;--awb-spacing-right-small:1.92%;--awb-spacing-left-small:1.92%;\"><div class=\"fusion-column-wrapper fusion-flex-justify-content-flex-start fusion-content-layout-column\"><div class=\"fusion-text fusion-text-1\" style=\"--awb-text-transform:none;\"><h3 id=\"titNoticia\">Boom beim Eigenverbrauch von Strom! Vervierfachung bis 2022<\/h3>\n<\/div><\/div><\/div><div class=\"fusion-layout-column fusion_builder_column fusion-builder-column-2 fusion_builder_column_1_6 1_6 fusion-flex-column\" style=\"--awb-bg-size:cover;--awb-width-large:16.666666666667%;--awb-margin-top-large:0px;--awb-spacing-right-large:11.52%;--awb-margin-bottom-large:0px;--awb-spacing-left-large:11.52%;--awb-width-medium:100%;--awb-spacing-right-medium:1.92%;--awb-spacing-left-medium:1.92%;--awb-width-small:100%;--awb-spacing-right-small:1.92%;--awb-spacing-left-small:1.92%;\"><div class=\"fusion-column-wrapper fusion-flex-justify-content-flex-start fusion-content-layout-column\"><\/div><\/div><div class=\"fusion-layout-column fusion_builder_column fusion-builder-column-3 fusion_builder_column_1_6 1_6 fusion-flex-column\" style=\"--awb-bg-size:cover;--awb-width-large:16.666666666667%;--awb-margin-top-large:0px;--awb-spacing-right-large:11.52%;--awb-margin-bottom-large:0px;--awb-spacing-left-large:11.52%;--awb-width-medium:100%;--awb-spacing-right-medium:1.92%;--awb-spacing-left-medium:1.92%;--awb-width-small:100%;--awb-spacing-right-small:1.92%;--awb-spacing-left-small:1.92%;\"><div class=\"fusion-column-wrapper fusion-flex-justify-content-flex-start fusion-content-layout-column\"><\/div><\/div><div class=\"fusion-layout-column fusion_builder_column fusion-builder-column-4 fusion_builder_column_2_3 2_3 fusion-flex-column\" style=\"--awb-padding-top:50px;--awb-padding-right:50px;--awb-padding-bottom:50px;--awb-padding-left:50px;--awb-bg-color:#ffffff;--awb-bg-color-hover:#ffffff;--awb-bg-size:cover;--awb-border-color:#25afb4;--awb-border-bottom:8px;--awb-border-style:solid;--awb-width-large:66.666666666667%;--awb-margin-top-large:0px;--awb-spacing-right-large:2.88%;--awb-margin-bottom-large:0px;--awb-spacing-left-large:2.88%;--awb-width-medium:100%;--awb-spacing-right-medium:1.92%;--awb-spacing-left-medium:1.92%;--awb-width-small:100%;--awb-spacing-right-small:1.92%;--awb-spacing-left-small:1.92%;\"><div class=\"fusion-column-wrapper fusion-flex-justify-content-flex-start fusion-content-layout-column\"><div class=\"fusion-text fusion-text-2\" style=\"--awb-text-transform:none;\"><p>Wie wir erfahren haben, erwartet die <a href=\"https:\/\/www.cnmc.es\/\" target=\"_blank\" rel=\"noopener\">Nationale Kommission f\u00fcr M\u00e4rkte und Wettbewerb<\/a> bis 2022 einen <strong>Boom beim Eigenverbrauch von Strom<\/strong>. Nach den Daten, die der Regulierungsbeh\u00f6rde vorliegen, wird die Zahl der Kleinkunden, die \u00fcber eine solche Anlage verf\u00fcgen, von 56.886 auf 203.105 Kunden steigen, was fast<b> eine Vervierfachung<\/b> bedeutet. <\/p>\n<p>Auch bei den Hochspannungskunden, d.h. der Gro\u00dfindustrie, wird es einen erheblichen Zuwachs geben. In diesem Bereich rechnet das CNMC mit einem Anstieg von 1.688 auf 3.050 Hochspannungskunden, die ihre Stromrechnungen senken. <\/p>\n<p>Im Jahr 2021 wird der Anteil des <a href=\"https:\/\/energiaaeterna.com\/de\/selbstverbrauch-von-strom\/\">Eigenverbrauchs<\/a> am Gesamtverbrauch dieser Kunden voraussichtlich 38% betragen, w\u00e4hrend der Rest von Einzelh\u00e4ndlern geliefert werden muss. Die Nutzer, die diese Anlagen am meisten nutzen, sind die industriellen Nutzer des Tarifs 6.2 TD, die 49,9% ihrer Energie selbst verbrauchen.<\/p>\n<\/div><div class=\"fusion-image-element \" style=\"text-align:center;--awb-caption-title-font-family:var(--h2_typography-font-family);--awb-caption-title-font-weight:var(--h2_typography-font-weight);--awb-caption-title-font-style:var(--h2_typography-font-style);--awb-caption-title-size:var(--h2_typography-font-size);--awb-caption-title-transform:var(--h2_typography-text-transform);--awb-caption-title-line-height:var(--h2_typography-line-height);--awb-caption-title-letter-spacing:var(--h2_typography-letter-spacing);\"><span class=\" fusion-imageframe imageframe-none imageframe-1 hover-type-zoomin\"><img decoding=\"async\" width=\"1329\" height=\"702\" title=\"autoconsumo el\u00e9ctrico\" src=\"https:\/\/energiaaeterna.com\/wp-content\/uploads\/2021\/12\/251121-cnmc-peajes.png\" alt class=\"img-responsive wp-image-2594 disable-lazyload\" srcset=\"https:\/\/energiaaeterna.com\/wp-content\/uploads\/2021\/12\/251121-cnmc-peajes-200x106.png 200w, https:\/\/energiaaeterna.com\/wp-content\/uploads\/2021\/12\/251121-cnmc-peajes-400x211.png 400w, https:\/\/energiaaeterna.com\/wp-content\/uploads\/2021\/12\/251121-cnmc-peajes-600x317.png 600w, https:\/\/energiaaeterna.com\/wp-content\/uploads\/2021\/12\/251121-cnmc-peajes-800x423.png 800w, https:\/\/energiaaeterna.com\/wp-content\/uploads\/2021\/12\/251121-cnmc-peajes-1200x634.png 1200w, https:\/\/energiaaeterna.com\/wp-content\/uploads\/2021\/12\/251121-cnmc-peajes.png 1329w\" sizes=\"(max-width: 1024px) 100vw, (max-width: 640px) 100vw, 800px\" \/><\/span><\/div><div class=\"fusion-text fusion-text-3\" style=\"--awb-text-transform:none;\"><p>Trotzdem sind es die Industriebetriebe, die mit 330.463 MWh die meiste Energie in das Netz einspeisen, w\u00e4hrend die Haushalte 54.109 MWh beitragen. Diese Zahlen werden im Jahr 2022 erheblich ansteigen, wobei der Haushaltssektor 218.298 MWh und der Industriesektor 469.132 MWh in das Netz einspeisen wird. <\/p>\n<p>Das CNMC prognostiziert, dass die Zahl der Kunden mit Stromselbstverbrauch bis Ende 2021 bei etwas mehr als 62.000 liegen wird, die rund 3.500 GWh oder 38% der von diesen Kunden insgesamt verbrauchten Energie erzeugen.<\/p>\n<h2>Die n\u00e4chsten 4 Jahre werden ein Boom f\u00fcr den Eigenverbrauch des Landes sein.<\/h2>\n<p>Aber der eigentliche Boom wird in den n\u00e4chsten vier Jahren kommen. Bis 2022 erwartet das CNMC eine Vervierfachung der Zahl. Es wird landesweit mehr als 215.000 Eigenverbrauchsanlagen geben, davon 212.000 im Niederspannungsbereich, haupts\u00e4chlich Haushalte und kleine Unternehmen mit dem Tarif 2.0 TD.  <\/p>\n<p>Diese Anlagen werden mehr als 6.500 GWh selbst verbrauchen, was eine Verdoppelung der selbst verbrauchten Energie bedeutet.<\/p>\n<p>Und auch in den kommenden Jahren wird das Wachstum exponentiell sein. Bis 2023 rechnet das CNMC damit, dass die Eigenverbrauchsnachfrage 11.295 GWh erreichen wird. Das bedeutet, dass die Nachfrage im Vergleich zu 2022 um 72% steigen wird.  <\/p>\n<p>Bis 2025 wird die durch den Eigenverbrauch von Strom in Spanien erzeugte Energie mit 7 multipliziert werden. Damit wird der Eigenverbrauch mindestens 7% des Strombedarfs des Landes ausmachen. <\/p>\n<p>Quellen: El economista, <a href=\"https:\/\/www.cnmc.es\/prensa\/informe-po-porcentajes-autoconsumo-2021-07-08\">CNMC<\/a>, <a href=\"https:\/\/elperiodicodelaenergia.com\/llega-ahora-el-verdadero-boom-del-autoconsumo-en-espana\/\">elperiodicodelaenergia.com<\/a><\/p>\n<\/div><div class=\"fusion-separator fusion-full-width-sep\" style=\"align-self: center;margin-left: auto;margin-right: auto;margin-top:40px;width:100%;\"><\/div><div class=\"fusion-sharing-box fusion-sharing-box-1 boxed-icons has-taglines layout-floated layout-medium-floated layout-small-floated\" style=\"background-color:#f6f6f6;--awb-layout:row;--awb-alignment-small:space-between;\" data-title=\"Boom beim Eigenverbrauch von Strom! Vervierfachung bis 2022\" data-description=\"Boom beim Eigenverbrauch von Strom! Vervierfachung bis 2022  \r\n\r\nWie wir erfahren haben, erwartet die Nationale Kommission f\u00fcr M\u00e4rkte und Wettbewerb bis 2022 einen Boom beim Eigenverbrauch von Strom. Nach den Daten, die der Regulierungsbeh\u00f6rde vorliegen, wird die Zahl der Kleinkunden, die \u00fcber eine solche Anlage verf\u00fcgen, von\" data-link=\"https:\/\/energiaaeterna.com\/de\/boom-beim-eigenverbrauch-von-strom-vervierfachung-bis-2022\/\"><h4 class=\"tagline\" style=\"color:#858a9f;\">Teilen Sie es<\/h4><div class=\"fusion-social-networks sharingbox-shortcode-icon-wrapper sharingbox-shortcode-icon-wrapper-1 boxed-icons\"><span><a href=\"https:\/\/www.facebook.com\/sharer.php?u=https%3A%2F%2Fenergiaaeterna.com%2Fde%2Fboom-beim-eigenverbrauch-von-strom-vervierfachung-bis-2022%2F&amp;t=Boom%20beim%20Eigenverbrauch%20von%20Strom%21%20Vervierfachung%20bis%202022\" target=\"_blank\" rel=\"noreferrer\" title=\"Facebook\" aria-label=\"Facebook\"><i class=\"fusion-social-network-icon fusion-tooltip fusion-facebook awb-icon-facebook\" style=\"color:#ffffff;background-color:#3b5998;border-color:#3b5998;border-radius:0px;\" aria-hidden=\"true\"><\/i><\/a><\/span><span><a href=\"https:\/\/x.com\/intent\/post?text=Boom%20beim%20Eigenverbrauch%20von%20Strom%21%20Vervierfachung%20bis%202022&amp;url=https%3A%2F%2Fenergiaaeterna.com%2Fde%2Fboom-beim-eigenverbrauch-von-strom-vervierfachung-bis-2022%2F\" target=\"_blank\" rel=\"noopener noreferrer\" title=\"X\" aria-label=\"X\"><i class=\"fusion-social-network-icon fusion-tooltip fusion-twitter awb-icon-twitter\" style=\"color:#ffffff;background-color:#000000;border-color:#000000;border-radius:0px;\" aria-hidden=\"true\"><\/i><\/a><\/span><span><a href=\"https:\/\/www.linkedin.com\/shareArticle?mini=true&amp;url=https%3A%2F%2Fenergiaaeterna.com%2Fde%2Fboom-beim-eigenverbrauch-von-strom-vervierfachung-bis-2022%2F&amp;title=Boom%20beim%20Eigenverbrauch%20von%20Strom%21%20Vervierfachung%20bis%202022&amp;summary=Boom%20beim%20Eigenverbrauch%20von%20Strom%21%20Vervierfachung%20bis%202022%20%20%20%20%0D%0A%0D%0AWie%20wir%20erfahren%20haben%2C%20erwartet%20die%20Nationale%20Kommission%20f%C3%BCr%20M%C3%A4rkte%20und%20Wettbewerb%20bis%202022%20einen%20Boom%20beim%20Eigenverbrauch%20von%20Strom.%20Nach%20den%20Daten%2C%20die%20der%20Regulierungsbeh%C3%B6rde%20vorliegen%2C%20wird%20die%20Zahl%20der%20Kleinkunden%2C%20die%20%C3%BCber%20eine%20solche%20Anlage%20verf%C3%BCgen%2C%20von\" target=\"_blank\" rel=\"noopener noreferrer\" title=\"LinkedIn\" aria-label=\"LinkedIn\"><i class=\"fusion-social-network-icon fusion-tooltip fusion-linkedin awb-icon-linkedin\" style=\"color:#ffffff;background-color:#0077b5;border-color:#0077b5;border-radius:0px;\" aria-hidden=\"true\"><\/i><\/a><\/span><span><a href=\"https:\/\/api.whatsapp.com\/send?text=https%3A%2F%2Fenergiaaeterna.com%2Fde%2Fboom-beim-eigenverbrauch-von-strom-vervierfachung-bis-2022%2F\" target=\"_blank\" rel=\"noopener noreferrer\" title=\"WhatsApp\" aria-label=\"WhatsApp\"><i class=\"fusion-social-network-icon fusion-tooltip fusion-whatsapp awb-icon-whatsapp\" style=\"color:#ffffff;background-color:#77e878;border-color:#77e878;border-radius:0px;\" aria-hidden=\"true\"><\/i><\/a><\/span><\/div><\/div><\/div><\/div><div class=\"fusion-layout-column fusion_builder_column fusion-builder-column-5 fusion_builder_column_1_6 1_6 fusion-flex-column\" style=\"--awb-bg-size:cover;--awb-width-large:16.666666666667%;--awb-margin-top-large:0px;--awb-spacing-right-large:11.52%;--awb-margin-bottom-large:0px;--awb-spacing-left-large:11.52%;--awb-width-medium:100%;--awb-spacing-right-medium:1.92%;--awb-spacing-left-medium:1.92%;--awb-width-small:100%;--awb-spacing-right-small:1.92%;--awb-spacing-left-small:1.92%;\"><div class=\"fusion-column-wrapper fusion-flex-justify-content-flex-start fusion-content-layout-column\"><\/div><\/div><\/div><\/div>\n","protected":false},"excerpt":{"rendered":"","protected":false},"author":1,"featured_media":2485,"comment_status":"open","ping_status":"closed","sticky":false,"template":"","format":"standard","meta":{"footnotes":""},"categories":[200,186],"tags":[201,257,215,206,204,258],"class_list":["post-2593","post","type-post","status-publish","format-standard","has-post-thumbnail","hentry","category-nachrichten","category-nicht-kategorisiert","tag-aetherna-energie","tag-cnmc-de","tag-eigenverbrauch-von-strom-teneriffa","tag-erneuerbare-energien-teneriffa","tag-kanarische-erneuerbare-energien","tag-nationale-kommission-fur-markt-und-wettbewerb"],"yoast_head":"<!-- This site is optimized with the Yoast SEO plugin v27.5 - https:\/\/yoast.com\/product\/yoast-seo-wordpress\/ -->\n<title>Boom beim Eigenverbrauch von Strom bis 2022 | Energ\u00eda Aeterna<\/title>\n<meta name=\"description\" content=\"Boom des Eigenverbrauchs von Strom, der sich laut der Nationalen Kommission f\u00fcr M\u00e4rkte und Wettbewerb bis 2022 vervierfachen wird\" \/>\n<meta name=\"robots\" content=\"index, follow, max-snippet:-1, max-image-preview:large, max-video-preview:-1\" \/>\n<link rel=\"canonical\" href=\"https:\/\/energiaaeterna.com\/de\/boom-beim-eigenverbrauch-von-strom-vervierfachung-bis-2022\/\" \/>\n<meta property=\"og:locale\" content=\"de_DE\" \/>\n<meta property=\"og:type\" content=\"article\" \/>\n<meta property=\"og:title\" content=\"Boom beim Eigenverbrauch von Strom bis 2022 | Energ\u00eda Aeterna\" \/>\n<meta property=\"og:description\" content=\"Boom des Eigenverbrauchs von Strom, der sich laut der Nationalen Kommission f\u00fcr M\u00e4rkte und Wettbewerb bis 2022 vervierfachen wird\" \/>\n<meta property=\"og:url\" content=\"https:\/\/energiaaeterna.com\/de\/boom-beim-eigenverbrauch-von-strom-vervierfachung-bis-2022\/\" \/>\n<meta property=\"og:site_name\" content=\"Energ\u00eda Aeterna\" \/>\n<meta property=\"article:publisher\" content=\"https:\/\/www.facebook.com\/energiaaeterna\/\" \/>\n<meta property=\"article:published_time\" content=\"2021-12-16T10:26:49+00:00\" \/>\n<meta property=\"article:modified_time\" content=\"2025-03-26T17:30:24+00:00\" \/>\n<meta property=\"og:image\" content=\"https:\/\/energiaaeterna.com\/wp-content\/uploads\/2019\/12\/Energ\u00eda-Aeterna.jpg\" \/>\n\t<meta property=\"og:image:width\" content=\"2500\" \/>\n\t<meta property=\"og:image:height\" content=\"1667\" \/>\n\t<meta property=\"og:image:type\" content=\"image\/jpeg\" \/>\n<meta name=\"author\" content=\"admin\" \/>\n<meta name=\"twitter:card\" content=\"summary_large_image\" \/>\n<meta name=\"twitter:label1\" content=\"Verfasst von\" \/>\n\t<meta name=\"twitter:data1\" content=\"admin\" \/>\n\t<meta name=\"twitter:label2\" content=\"Gesch\u00e4tzte Lesezeit\" \/>\n\t<meta name=\"twitter:data2\" content=\"7\u00a0Minuten\" \/>\n<script type=\"application\/ld+json\" class=\"yoast-schema-graph\">{\"@context\":\"https:\\\/\\\/schema.org\",\"@graph\":[{\"@type\":\"Article\",\"@id\":\"https:\\\/\\\/energiaaeterna.com\\\/de\\\/boom-beim-eigenverbrauch-von-strom-vervierfachung-bis-2022\\\/#article\",\"isPartOf\":{\"@id\":\"https:\\\/\\\/energiaaeterna.com\\\/de\\\/boom-beim-eigenverbrauch-von-strom-vervierfachung-bis-2022\\\/\"},\"author\":{\"name\":\"admin\",\"@id\":\"https:\\\/\\\/energiaaeterna.com\\\/de\\\/#\\\/schema\\\/person\\\/50e901fb125a8ad644cb8ab2383aeef3\"},\"headline\":\"Boom beim Eigenverbrauch von Strom! Vervierfachung bis 2022\",\"datePublished\":\"2021-12-16T10:26:49+00:00\",\"dateModified\":\"2025-03-26T17:30:24+00:00\",\"mainEntityOfPage\":{\"@id\":\"https:\\\/\\\/energiaaeterna.com\\\/de\\\/boom-beim-eigenverbrauch-von-strom-vervierfachung-bis-2022\\\/\"},\"wordCount\":1448,\"commentCount\":0,\"publisher\":{\"@id\":\"https:\\\/\\\/energiaaeterna.com\\\/de\\\/#organization\"},\"image\":{\"@id\":\"https:\\\/\\\/energiaaeterna.com\\\/de\\\/boom-beim-eigenverbrauch-von-strom-vervierfachung-bis-2022\\\/#primaryimage\"},\"thumbnailUrl\":\"https:\\\/\\\/energiaaeterna.com\\\/wp-content\\\/uploads\\\/2019\\\/12\\\/Energ\u00eda-Aeterna.jpg\",\"keywords\":[\"aetherna Energie\",\"CNMC\",\"Eigenverbrauch von Strom Teneriffa\",\"Erneuerbare Energien Teneriffa\",\"Kanarische erneuerbare Energien\",\"Nationale Kommission f\u00fcr Markt und Wettbewerb\"],\"articleSection\":[\"Nachrichten\",\"Nicht kategorisiert\"],\"inLanguage\":\"de\",\"potentialAction\":[{\"@type\":\"CommentAction\",\"name\":\"Comment\",\"target\":[\"https:\\\/\\\/energiaaeterna.com\\\/de\\\/boom-beim-eigenverbrauch-von-strom-vervierfachung-bis-2022\\\/#respond\"]}]},{\"@type\":\"WebPage\",\"@id\":\"https:\\\/\\\/energiaaeterna.com\\\/de\\\/boom-beim-eigenverbrauch-von-strom-vervierfachung-bis-2022\\\/\",\"url\":\"https:\\\/\\\/energiaaeterna.com\\\/de\\\/boom-beim-eigenverbrauch-von-strom-vervierfachung-bis-2022\\\/\",\"name\":\"Boom beim Eigenverbrauch von Strom bis 2022 | Energ\u00eda Aeterna\",\"isPartOf\":{\"@id\":\"https:\\\/\\\/energiaaeterna.com\\\/de\\\/#website\"},\"primaryImageOfPage\":{\"@id\":\"https:\\\/\\\/energiaaeterna.com\\\/de\\\/boom-beim-eigenverbrauch-von-strom-vervierfachung-bis-2022\\\/#primaryimage\"},\"image\":{\"@id\":\"https:\\\/\\\/energiaaeterna.com\\\/de\\\/boom-beim-eigenverbrauch-von-strom-vervierfachung-bis-2022\\\/#primaryimage\"},\"thumbnailUrl\":\"https:\\\/\\\/energiaaeterna.com\\\/wp-content\\\/uploads\\\/2019\\\/12\\\/Energ\u00eda-Aeterna.jpg\",\"datePublished\":\"2021-12-16T10:26:49+00:00\",\"dateModified\":\"2025-03-26T17:30:24+00:00\",\"description\":\"Boom des Eigenverbrauchs von Strom, der sich laut der Nationalen Kommission f\u00fcr M\u00e4rkte und Wettbewerb bis 2022 vervierfachen wird\",\"breadcrumb\":{\"@id\":\"https:\\\/\\\/energiaaeterna.com\\\/de\\\/boom-beim-eigenverbrauch-von-strom-vervierfachung-bis-2022\\\/#breadcrumb\"},\"inLanguage\":\"de\",\"potentialAction\":[{\"@type\":\"ReadAction\",\"target\":[\"https:\\\/\\\/energiaaeterna.com\\\/de\\\/boom-beim-eigenverbrauch-von-strom-vervierfachung-bis-2022\\\/\"]}]},{\"@type\":\"ImageObject\",\"inLanguage\":\"de\",\"@id\":\"https:\\\/\\\/energiaaeterna.com\\\/de\\\/boom-beim-eigenverbrauch-von-strom-vervierfachung-bis-2022\\\/#primaryimage\",\"url\":\"https:\\\/\\\/energiaaeterna.com\\\/wp-content\\\/uploads\\\/2019\\\/12\\\/Energ\u00eda-Aeterna.jpg\",\"contentUrl\":\"https:\\\/\\\/energiaaeterna.com\\\/wp-content\\\/uploads\\\/2019\\\/12\\\/Energ\u00eda-Aeterna.jpg\",\"width\":2500,\"height\":1667},{\"@type\":\"BreadcrumbList\",\"@id\":\"https:\\\/\\\/energiaaeterna.com\\\/de\\\/boom-beim-eigenverbrauch-von-strom-vervierfachung-bis-2022\\\/#breadcrumb\",\"itemListElement\":[{\"@type\":\"ListItem\",\"position\":1,\"name\":\"Home\",\"item\":\"https:\\\/\\\/energiaaeterna.com\\\/de\\\/\"},{\"@type\":\"ListItem\",\"position\":2,\"name\":\"Boom beim Eigenverbrauch von Strom! Vervierfachung bis 2022\"}]},{\"@type\":\"WebSite\",\"@id\":\"https:\\\/\\\/energiaaeterna.com\\\/de\\\/#website\",\"url\":\"https:\\\/\\\/energiaaeterna.com\\\/de\\\/\",\"name\":\"Energ\u00eda Aeterna\",\"description\":\"Empresa de Energ\u00edas Renovables en Tenerife\",\"publisher\":{\"@id\":\"https:\\\/\\\/energiaaeterna.com\\\/de\\\/#organization\"},\"potentialAction\":[{\"@type\":\"SearchAction\",\"target\":{\"@type\":\"EntryPoint\",\"urlTemplate\":\"https:\\\/\\\/energiaaeterna.com\\\/de\\\/?s={search_term_string}\"},\"query-input\":{\"@type\":\"PropertyValueSpecification\",\"valueRequired\":true,\"valueName\":\"search_term_string\"}}],\"inLanguage\":\"de\"},{\"@type\":\"Organization\",\"@id\":\"https:\\\/\\\/energiaaeterna.com\\\/de\\\/#organization\",\"name\":\"Energ\u00eda Aeterna\",\"url\":\"https:\\\/\\\/energiaaeterna.com\\\/de\\\/\",\"logo\":{\"@type\":\"ImageObject\",\"inLanguage\":\"de\",\"@id\":\"https:\\\/\\\/energiaaeterna.com\\\/de\\\/#\\\/schema\\\/logo\\\/image\\\/\",\"url\":\"https:\\\/\\\/i2.wp.com\\\/energiaaeterna.com\\\/wp-content\\\/uploads\\\/2019\\\/08\\\/Energia-Aeterna-Logo-2-Color.png?fit=3544%2C947&ssl=1\",\"contentUrl\":\"https:\\\/\\\/i2.wp.com\\\/energiaaeterna.com\\\/wp-content\\\/uploads\\\/2019\\\/08\\\/Energia-Aeterna-Logo-2-Color.png?fit=3544%2C947&ssl=1\",\"width\":3544,\"height\":947,\"caption\":\"Energ\u00eda Aeterna\"},\"image\":{\"@id\":\"https:\\\/\\\/energiaaeterna.com\\\/de\\\/#\\\/schema\\\/logo\\\/image\\\/\"},\"sameAs\":[\"https:\\\/\\\/www.facebook.com\\\/energiaaeterna\\\/\",\"https:\\\/\\\/www.instagram.com\\\/energiaaeterna\\\/\",\"https:\\\/\\\/www.linkedin.com\\\/company\\\/77012092\\\/admin\\\/\"]},{\"@type\":\"Person\",\"@id\":\"https:\\\/\\\/energiaaeterna.com\\\/de\\\/#\\\/schema\\\/person\\\/50e901fb125a8ad644cb8ab2383aeef3\",\"name\":\"admin\",\"image\":{\"@type\":\"ImageObject\",\"inLanguage\":\"de\",\"@id\":\"https:\\\/\\\/secure.gravatar.com\\\/avatar\\\/007fd41d527922d4346e4884737adb9b9c16a5c1beab37f9b8f3fbc5d1f0742b?s=96&d=mm&r=g\",\"url\":\"https:\\\/\\\/secure.gravatar.com\\\/avatar\\\/007fd41d527922d4346e4884737adb9b9c16a5c1beab37f9b8f3fbc5d1f0742b?s=96&d=mm&r=g\",\"contentUrl\":\"https:\\\/\\\/secure.gravatar.com\\\/avatar\\\/007fd41d527922d4346e4884737adb9b9c16a5c1beab37f9b8f3fbc5d1f0742b?s=96&d=mm&r=g\",\"caption\":\"admin\"}}]}<\/script>\n<!-- \/ Yoast SEO plugin. -->","yoast_head_json":{"title":"Boom beim Eigenverbrauch von Strom bis 2022 | Energ\u00eda Aeterna","description":"Boom des Eigenverbrauchs von Strom, der sich laut der Nationalen Kommission f\u00fcr M\u00e4rkte und Wettbewerb bis 2022 vervierfachen wird","robots":{"index":"index","follow":"follow","max-snippet":"max-snippet:-1","max-image-preview":"max-image-preview:large","max-video-preview":"max-video-preview:-1"},"canonical":"https:\/\/energiaaeterna.com\/de\/boom-beim-eigenverbrauch-von-strom-vervierfachung-bis-2022\/","og_locale":"de_DE","og_type":"article","og_title":"Boom beim Eigenverbrauch von Strom bis 2022 | Energ\u00eda Aeterna","og_description":"Boom des Eigenverbrauchs von Strom, der sich laut der Nationalen Kommission f\u00fcr M\u00e4rkte und Wettbewerb bis 2022 vervierfachen wird","og_url":"https:\/\/energiaaeterna.com\/de\/boom-beim-eigenverbrauch-von-strom-vervierfachung-bis-2022\/","og_site_name":"Energ\u00eda Aeterna","article_publisher":"https:\/\/www.facebook.com\/energiaaeterna\/","article_published_time":"2021-12-16T10:26:49+00:00","article_modified_time":"2025-03-26T17:30:24+00:00","og_image":[{"width":2500,"height":1667,"url":"https:\/\/energiaaeterna.com\/wp-content\/uploads\/2019\/12\/Energ\u00eda-Aeterna.jpg","type":"image\/jpeg"}],"author":"admin","twitter_card":"summary_large_image","twitter_misc":{"Verfasst von":"admin","Gesch\u00e4tzte Lesezeit":"7\u00a0Minuten"},"schema":{"@context":"https:\/\/schema.org","@graph":[{"@type":"Article","@id":"https:\/\/energiaaeterna.com\/de\/boom-beim-eigenverbrauch-von-strom-vervierfachung-bis-2022\/#article","isPartOf":{"@id":"https:\/\/energiaaeterna.com\/de\/boom-beim-eigenverbrauch-von-strom-vervierfachung-bis-2022\/"},"author":{"name":"admin","@id":"https:\/\/energiaaeterna.com\/de\/#\/schema\/person\/50e901fb125a8ad644cb8ab2383aeef3"},"headline":"Boom beim Eigenverbrauch von Strom! Vervierfachung bis 2022","datePublished":"2021-12-16T10:26:49+00:00","dateModified":"2025-03-26T17:30:24+00:00","mainEntityOfPage":{"@id":"https:\/\/energiaaeterna.com\/de\/boom-beim-eigenverbrauch-von-strom-vervierfachung-bis-2022\/"},"wordCount":1448,"commentCount":0,"publisher":{"@id":"https:\/\/energiaaeterna.com\/de\/#organization"},"image":{"@id":"https:\/\/energiaaeterna.com\/de\/boom-beim-eigenverbrauch-von-strom-vervierfachung-bis-2022\/#primaryimage"},"thumbnailUrl":"https:\/\/energiaaeterna.com\/wp-content\/uploads\/2019\/12\/Energ\u00eda-Aeterna.jpg","keywords":["aetherna Energie","CNMC","Eigenverbrauch von Strom Teneriffa","Erneuerbare Energien Teneriffa","Kanarische erneuerbare Energien","Nationale Kommission f\u00fcr Markt und Wettbewerb"],"articleSection":["Nachrichten","Nicht kategorisiert"],"inLanguage":"de","potentialAction":[{"@type":"CommentAction","name":"Comment","target":["https:\/\/energiaaeterna.com\/de\/boom-beim-eigenverbrauch-von-strom-vervierfachung-bis-2022\/#respond"]}]},{"@type":"WebPage","@id":"https:\/\/energiaaeterna.com\/de\/boom-beim-eigenverbrauch-von-strom-vervierfachung-bis-2022\/","url":"https:\/\/energiaaeterna.com\/de\/boom-beim-eigenverbrauch-von-strom-vervierfachung-bis-2022\/","name":"Boom beim Eigenverbrauch von Strom bis 2022 | Energ\u00eda Aeterna","isPartOf":{"@id":"https:\/\/energiaaeterna.com\/de\/#website"},"primaryImageOfPage":{"@id":"https:\/\/energiaaeterna.com\/de\/boom-beim-eigenverbrauch-von-strom-vervierfachung-bis-2022\/#primaryimage"},"image":{"@id":"https:\/\/energiaaeterna.com\/de\/boom-beim-eigenverbrauch-von-strom-vervierfachung-bis-2022\/#primaryimage"},"thumbnailUrl":"https:\/\/energiaaeterna.com\/wp-content\/uploads\/2019\/12\/Energ\u00eda-Aeterna.jpg","datePublished":"2021-12-16T10:26:49+00:00","dateModified":"2025-03-26T17:30:24+00:00","description":"Boom des Eigenverbrauchs von Strom, der sich laut der Nationalen Kommission f\u00fcr M\u00e4rkte und Wettbewerb bis 2022 vervierfachen wird","breadcrumb":{"@id":"https:\/\/energiaaeterna.com\/de\/boom-beim-eigenverbrauch-von-strom-vervierfachung-bis-2022\/#breadcrumb"},"inLanguage":"de","potentialAction":[{"@type":"ReadAction","target":["https:\/\/energiaaeterna.com\/de\/boom-beim-eigenverbrauch-von-strom-vervierfachung-bis-2022\/"]}]},{"@type":"ImageObject","inLanguage":"de","@id":"https:\/\/energiaaeterna.com\/de\/boom-beim-eigenverbrauch-von-strom-vervierfachung-bis-2022\/#primaryimage","url":"https:\/\/energiaaeterna.com\/wp-content\/uploads\/2019\/12\/Energ\u00eda-Aeterna.jpg","contentUrl":"https:\/\/energiaaeterna.com\/wp-content\/uploads\/2019\/12\/Energ\u00eda-Aeterna.jpg","width":2500,"height":1667},{"@type":"BreadcrumbList","@id":"https:\/\/energiaaeterna.com\/de\/boom-beim-eigenverbrauch-von-strom-vervierfachung-bis-2022\/#breadcrumb","itemListElement":[{"@type":"ListItem","position":1,"name":"Home","item":"https:\/\/energiaaeterna.com\/de\/"},{"@type":"ListItem","position":2,"name":"Boom beim Eigenverbrauch von Strom! Vervierfachung bis 2022"}]},{"@type":"WebSite","@id":"https:\/\/energiaaeterna.com\/de\/#website","url":"https:\/\/energiaaeterna.com\/de\/","name":"Energ\u00eda Aeterna","description":"Empresa de Energ\u00edas Renovables en Tenerife","publisher":{"@id":"https:\/\/energiaaeterna.com\/de\/#organization"},"potentialAction":[{"@type":"SearchAction","target":{"@type":"EntryPoint","urlTemplate":"https:\/\/energiaaeterna.com\/de\/?s={search_term_string}"},"query-input":{"@type":"PropertyValueSpecification","valueRequired":true,"valueName":"search_term_string"}}],"inLanguage":"de"},{"@type":"Organization","@id":"https:\/\/energiaaeterna.com\/de\/#organization","name":"Energ\u00eda Aeterna","url":"https:\/\/energiaaeterna.com\/de\/","logo":{"@type":"ImageObject","inLanguage":"de","@id":"https:\/\/energiaaeterna.com\/de\/#\/schema\/logo\/image\/","url":"https:\/\/i2.wp.com\/energiaaeterna.com\/wp-content\/uploads\/2019\/08\/Energia-Aeterna-Logo-2-Color.png?fit=3544%2C947&ssl=1","contentUrl":"https:\/\/i2.wp.com\/energiaaeterna.com\/wp-content\/uploads\/2019\/08\/Energia-Aeterna-Logo-2-Color.png?fit=3544%2C947&ssl=1","width":3544,"height":947,"caption":"Energ\u00eda Aeterna"},"image":{"@id":"https:\/\/energiaaeterna.com\/de\/#\/schema\/logo\/image\/"},"sameAs":["https:\/\/www.facebook.com\/energiaaeterna\/","https:\/\/www.instagram.com\/energiaaeterna\/","https:\/\/www.linkedin.com\/company\/77012092\/admin\/"]},{"@type":"Person","@id":"https:\/\/energiaaeterna.com\/de\/#\/schema\/person\/50e901fb125a8ad644cb8ab2383aeef3","name":"admin","image":{"@type":"ImageObject","inLanguage":"de","@id":"https:\/\/secure.gravatar.com\/avatar\/007fd41d527922d4346e4884737adb9b9c16a5c1beab37f9b8f3fbc5d1f0742b?s=96&d=mm&r=g","url":"https:\/\/secure.gravatar.com\/avatar\/007fd41d527922d4346e4884737adb9b9c16a5c1beab37f9b8f3fbc5d1f0742b?s=96&d=mm&r=g","contentUrl":"https:\/\/secure.gravatar.com\/avatar\/007fd41d527922d4346e4884737adb9b9c16a5c1beab37f9b8f3fbc5d1f0742b?s=96&d=mm&r=g","caption":"admin"}}]}},"_links":{"self":[{"href":"https:\/\/energiaaeterna.com\/de\/wp-json\/wp\/v2\/posts\/2593","targetHints":{"allow":["GET"]}}],"collection":[{"href":"https:\/\/energiaaeterna.com\/de\/wp-json\/wp\/v2\/posts"}],"about":[{"href":"https:\/\/energiaaeterna.com\/de\/wp-json\/wp\/v2\/types\/post"}],"author":[{"embeddable":true,"href":"https:\/\/energiaaeterna.com\/de\/wp-json\/wp\/v2\/users\/1"}],"replies":[{"embeddable":true,"href":"https:\/\/energiaaeterna.com\/de\/wp-json\/wp\/v2\/comments?post=2593"}],"version-history":[{"count":10,"href":"https:\/\/energiaaeterna.com\/de\/wp-json\/wp\/v2\/posts\/2593\/revisions"}],"predecessor-version":[{"id":2647,"href":"https:\/\/energiaaeterna.com\/de\/wp-json\/wp\/v2\/posts\/2593\/revisions\/2647"}],"wp:featuredmedia":[{"embeddable":true,"href":"https:\/\/energiaaeterna.com\/de\/wp-json\/wp\/v2\/media\/2485"}],"wp:attachment":[{"href":"https:\/\/energiaaeterna.com\/de\/wp-json\/wp\/v2\/media?parent=2593"}],"wp:term":[{"taxonomy":"category","embeddable":true,"href":"https:\/\/energiaaeterna.com\/de\/wp-json\/wp\/v2\/categories?post=2593"},{"taxonomy":"post_tag","embeddable":true,"href":"https:\/\/energiaaeterna.com\/de\/wp-json\/wp\/v2\/tags?post=2593"}],"curies":[{"name":"wp","href":"https:\/\/api.w.org\/{rel}","templated":true}]}}