{"id":2433,"date":"2024-04-01T11:15:12","date_gmt":"2024-04-01T11:15:12","guid":{"rendered":"https:\/\/energiaaeterna.com\/wir-mieten-ihr-dach-um-eine-lokale-energiegemeinschaft-zu-gruenden\/"},"modified":"2025-03-26T17:29:50","modified_gmt":"2025-03-26T17:29:50","slug":"wir-mieten-ihr-dach-um-eine-lokale-energiegemeinschaft-zu-gruenden","status":"publish","type":"post","link":"https:\/\/energiaaeterna.com\/de\/wir-mieten-ihr-dach-um-eine-lokale-energiegemeinschaft-zu-gruenden\/","title":{"rendered":"Wir mieten Ihr Dach, um eine lokale Energiegemeinschaft zu gr\u00fcnden"},"content":{"rendered":"<div class=\"fusion-fullwidth fullwidth-box fusion-builder-row-1 fusion-flex-container fusion-parallax-none nonhundred-percent-fullwidth non-hundred-percent-height-scrolling lazyload\" style=\"--awb-border-radius-top-left:0px;--awb-border-radius-top-right:0px;--awb-border-radius-bottom-right:0px;--awb-border-radius-bottom-left:0px;--awb-padding-top:150px;--awb-padding-bottom:90px;--awb-background-size:cover;--awb-flex-wrap:wrap;\" data-bg=\"https:\/\/energiaaeterna.com\/wp-content\/uploads\/2016\/11\/avada-science-home.jpg\" ><div class=\"fusion-builder-row fusion-row fusion-flex-align-items-flex-start fusion-flex-content-wrap\" style=\"max-width:1216.8px;margin-left: calc(-4% \/ 2 );margin-right: calc(-4% \/ 2 );\"><div class=\"fusion-layout-column fusion_builder_column fusion-builder-column-0 fusion_builder_column_1_6 1_6 fusion-flex-column\" style=\"--awb-bg-size:cover;--awb-width-large:16.666666666667%;--awb-margin-top-large:0px;--awb-spacing-right-large:11.52%;--awb-margin-bottom-large:0px;--awb-spacing-left-large:11.52%;--awb-width-medium:100%;--awb-spacing-right-medium:1.92%;--awb-spacing-left-medium:1.92%;--awb-width-small:100%;--awb-spacing-right-small:1.92%;--awb-spacing-left-small:1.92%;\"><div class=\"fusion-column-wrapper fusion-flex-justify-content-flex-start fusion-content-layout-column\"><\/div><\/div><div class=\"fusion-layout-column fusion_builder_column fusion-builder-column-1 fusion_builder_column_2_3 2_3 fusion-flex-column\" style=\"--awb-padding-top:50px;--awb-padding-right:50px;--awb-padding-bottom:30px;--awb-padding-left:50px;--awb-bg-color:#ffffff;--awb-bg-color-hover:#ffffff;--awb-bg-size:cover;--awb-width-large:66.666666666667%;--awb-margin-top-large:0px;--awb-spacing-right-large:2.88%;--awb-margin-bottom-large:0px;--awb-spacing-left-large:2.88%;--awb-width-medium:100%;--awb-spacing-right-medium:1.92%;--awb-spacing-left-medium:1.92%;--awb-width-small:100%;--awb-spacing-right-small:1.92%;--awb-spacing-left-small:1.92%;\"><div class=\"fusion-column-wrapper fusion-flex-justify-content-flex-start fusion-content-layout-column\"><div class=\"fusion-text fusion-text-1\" style=\"--awb-text-transform:none;\"><h3 id=\"titNoticia\">Wir mieten Ihr Dach f\u00fcr die Installation von Solaranlagen<\/h3>\n<\/div><\/div><\/div><div class=\"fusion-layout-column fusion_builder_column fusion-builder-column-2 fusion_builder_column_1_6 1_6 fusion-flex-column\" style=\"--awb-bg-size:cover;--awb-width-large:16.666666666667%;--awb-margin-top-large:0px;--awb-spacing-right-large:11.52%;--awb-margin-bottom-large:0px;--awb-spacing-left-large:11.52%;--awb-width-medium:100%;--awb-spacing-right-medium:1.92%;--awb-spacing-left-medium:1.92%;--awb-width-small:100%;--awb-spacing-right-small:1.92%;--awb-spacing-left-small:1.92%;\"><div class=\"fusion-column-wrapper fusion-flex-justify-content-flex-start fusion-content-layout-column\"><\/div><\/div><div class=\"fusion-layout-column fusion_builder_column fusion-builder-column-3 fusion_builder_column_1_6 1_6 fusion-flex-column\" style=\"--awb-bg-size:cover;--awb-width-large:16.666666666667%;--awb-margin-top-large:0px;--awb-spacing-right-large:11.52%;--awb-margin-bottom-large:0px;--awb-spacing-left-large:11.52%;--awb-width-medium:100%;--awb-spacing-right-medium:1.92%;--awb-spacing-left-medium:1.92%;--awb-width-small:100%;--awb-spacing-right-small:1.92%;--awb-spacing-left-small:1.92%;\"><div class=\"fusion-column-wrapper fusion-flex-justify-content-flex-start fusion-content-layout-column\"><\/div><\/div><div class=\"fusion-layout-column fusion_builder_column fusion-builder-column-4 fusion_builder_column_2_3 2_3 fusion-flex-column\" style=\"--awb-bg-size:cover;--awb-width-large:66.666666666667%;--awb-margin-top-large:0px;--awb-spacing-right-large:2.88%;--awb-margin-bottom-large:0px;--awb-spacing-left-large:2.88%;--awb-width-medium:100%;--awb-spacing-right-medium:1.92%;--awb-spacing-left-medium:1.92%;--awb-width-small:100%;--awb-spacing-right-small:1.92%;--awb-spacing-left-small:1.92%;\"><div class=\"fusion-column-wrapper fusion-flex-justify-content-flex-start fusion-content-layout-column\"><div class=\"fusion-image-element \" style=\"--awb-caption-title-font-family:var(--h2_typography-font-family);--awb-caption-title-font-weight:var(--h2_typography-font-weight);--awb-caption-title-font-style:var(--h2_typography-font-style);--awb-caption-title-size:var(--h2_typography-font-size);--awb-caption-title-transform:var(--h2_typography-text-transform);--awb-caption-title-line-height:var(--h2_typography-line-height);--awb-caption-title-letter-spacing:var(--h2_typography-letter-spacing);\"><span class=\" fusion-imageframe imageframe-none imageframe-1 hover-type-zoomin\"><a href=\"https:\/\/energiaaeterna.com\/wp-content\/uploads\/2024\/04\/planta-fovovoltaica-en-cubierta-Energia-Aeterna.png\" class=\"fusion-lightbox\" data-rel=\"iLightbox[d90e6e105199d89db83]\" data-title=\"planta fovovoltaica en cubierta &#8211; Energ\u00eda Aeterna\" title=\"planta fovovoltaica en cubierta &#8211; Energ\u00eda Aeterna\"><img decoding=\"async\" width=\"1500\" height=\"700\" src=\"https:\/\/energiaaeterna.com\/wp-content\/uploads\/2024\/04\/planta-fovovoltaica-en-cubierta-Energia-Aeterna.png\" data-orig-src=\"https:\/\/energiaaeterna.com\/wp-content\/uploads\/2024\/04\/planta-fovovoltaica-en-cubierta-Energia-Aeterna.png\" alt class=\"lazyload img-responsive wp-image-2434\" srcset=\"data:image\/svg+xml,%3Csvg%20xmlns%3D%27http%3A%2F%2Fwww.w3.org%2F2000%2Fsvg%27%20width%3D%271500%27%20height%3D%27700%27%20viewBox%3D%270%200%201500%20700%27%3E%3Crect%20width%3D%271500%27%20height%3D%27700%27%20fill-opacity%3D%220%22%2F%3E%3C%2Fsvg%3E\" data-srcset=\"https:\/\/energiaaeterna.com\/wp-content\/uploads\/2024\/04\/planta-fovovoltaica-en-cubierta-Energia-Aeterna-200x93.png 200w, https:\/\/energiaaeterna.com\/wp-content\/uploads\/2024\/04\/planta-fovovoltaica-en-cubierta-Energia-Aeterna-400x187.png 400w, https:\/\/energiaaeterna.com\/wp-content\/uploads\/2024\/04\/planta-fovovoltaica-en-cubierta-Energia-Aeterna-600x280.png 600w, https:\/\/energiaaeterna.com\/wp-content\/uploads\/2024\/04\/planta-fovovoltaica-en-cubierta-Energia-Aeterna-800x373.png 800w, https:\/\/energiaaeterna.com\/wp-content\/uploads\/2024\/04\/planta-fovovoltaica-en-cubierta-Energia-Aeterna-1200x560.png 1200w, https:\/\/energiaaeterna.com\/wp-content\/uploads\/2024\/04\/planta-fovovoltaica-en-cubierta-Energia-Aeterna.png 1500w\" data-sizes=\"auto\" data-orig-sizes=\"(max-width: 1024px) 100vw, (max-width: 640px) 100vw, 800px\" \/><\/a><\/span><\/div><\/div><\/div><div class=\"fusion-layout-column fusion_builder_column fusion-builder-column-5 fusion_builder_column_1_6 1_6 fusion-flex-column\" style=\"--awb-bg-size:cover;--awb-width-large:16.666666666667%;--awb-margin-top-large:0px;--awb-spacing-right-large:11.52%;--awb-margin-bottom-large:0px;--awb-spacing-left-large:11.52%;--awb-width-medium:100%;--awb-spacing-right-medium:1.92%;--awb-spacing-left-medium:1.92%;--awb-width-small:100%;--awb-spacing-right-small:1.92%;--awb-spacing-left-small:1.92%;\"><div class=\"fusion-column-wrapper fusion-flex-justify-content-flex-start fusion-content-layout-column\"><\/div><\/div><div class=\"fusion-layout-column fusion_builder_column fusion-builder-column-6 fusion_builder_column_1_6 1_6 fusion-flex-column\" style=\"--awb-bg-size:cover;--awb-width-large:16.666666666667%;--awb-margin-top-large:0px;--awb-spacing-right-large:11.52%;--awb-margin-bottom-large:0px;--awb-spacing-left-large:11.52%;--awb-width-medium:100%;--awb-spacing-right-medium:1.92%;--awb-spacing-left-medium:1.92%;--awb-width-small:100%;--awb-spacing-right-small:1.92%;--awb-spacing-left-small:1.92%;\"><div class=\"fusion-column-wrapper fusion-flex-justify-content-flex-start fusion-content-layout-column\"><\/div><\/div><div class=\"fusion-layout-column fusion_builder_column fusion-builder-column-7 fusion_builder_column_2_3 2_3 fusion-flex-column\" style=\"--awb-padding-top:50px;--awb-padding-right:50px;--awb-padding-bottom:50px;--awb-padding-left:50px;--awb-bg-color:#ffffff;--awb-bg-color-hover:#ffffff;--awb-bg-size:cover;--awb-border-color:#25afb4;--awb-border-bottom:8px;--awb-border-style:solid;--awb-width-large:66.666666666667%;--awb-margin-top-large:0px;--awb-spacing-right-large:2.88%;--awb-margin-bottom-large:0px;--awb-spacing-left-large:2.88%;--awb-width-medium:100%;--awb-order-medium:0;--awb-spacing-right-medium:1.92%;--awb-spacing-left-medium:1.92%;--awb-width-small:100%;--awb-order-small:0;--awb-spacing-right-small:1.92%;--awb-spacing-left-small:1.92%;\" data-scroll-devices=\"small-visibility,medium-visibility,large-visibility\"><div class=\"fusion-column-wrapper fusion-column-has-shadow fusion-flex-justify-content-flex-start fusion-content-layout-column\"><div class=\"fusion-text fusion-text-2\" style=\"--awb-text-transform:none;\"><p>Wir suchen nach D\u00e4chern von mehr als 500 m2 in st\u00e4dtischen Gebieten, um Photovoltaikanlagen zu installieren.  <strong>Sie werden 25 Jahre lang von den wirtschaftlichen Mieteinnahmen profitieren k\u00f6nnen.<\/strong><\/p>\n<\/div><div class=\"fusion-separator fusion-full-width-sep\" style=\"align-self: center;margin-left: auto;margin-right: auto;margin-top:25px;width:100%;\"><\/div><div class=\"fusion-image-carousel fusion-image-carousel-auto fusion-image-carousel-1\"><div class=\"awb-carousel awb-swiper awb-swiper-carousel awb-carousel--carousel awb-swiper-dots-position-bottom\" data-layout=\"carousel\" data-autoplay=\"no\" data-autoplayspeed=\"2500\" data-autoplaypause=\"no\" data-columns=\"3\" data-columnsmedium=\"1\" data-columnssmall=\"1\" data-itemmargin=\"10\" data-itemwidth=\"180\" data-touchscroll=\"no\" data-freemode=\"no\" data-imagesize=\"auto\" data-scrollitems=\"0\" data-centeredslides=\"no\" data-rotationangle=\"50\" data-depth=\"100\" data-speed=\"500\" data-shadow=\"no\" data-pagination=\"bullets\" style=\"--awb-columns:3;--awb-column-spacing:10px;--awb-caption-title-color:var(--awb-color1);--awb-caption-title-size:23px;--awb-caption-title-transform:var(--awb-typography1-text-transform);--awb-caption-title-line-height:var(--awb-typography1-line-height);--awb-caption-title-letter-spacing:var(--awb-typography1-letter-spacing);--awb-caption-text-color:var(--awb-color8);--awb-caption-text-size:15px;--awb-caption-text-transform:var(--awb-typography2-text-transform);--awb-caption-text-line-height:var(--awb-typography2-line-height);--awb-caption-text-letter-spacing:var(--awb-typography2-letter-spacing);--awb-caption-border-color:var(--awb-color4);--awb-caption-overlay-color:var(--awb-color8);--awb-caption-background-color:var(--awb-color4);--awb-caption-title-font-family:var(--awb-typography1-font-family);--awb-caption-title-font-weight:var(--awb-typography1-font-weight);--awb-caption-title-font-style:var(--awb-typography1-font-style);--awb-caption-text-font-family:var(--awb-typography2-font-family);--awb-caption-text-font-weight:var(--awb-typography2-font-weight);--awb-caption-text-font-style:var(--awb-typography2-font-style);\"><div class=\"swiper-wrapper awb-image-carousel-wrapper fusion-flex-align-items-center\"><div class=\"swiper-slide\"><div class=\"fusion-carousel-item-wrapper\"><div class=\"fusion-image-wrapper awb-imageframe-style awb-imageframe-style-dany\"><a href=\"#\" target=\"_self\"><img decoding=\"async\" width=\"500\" height=\"500\" src=\"https:\/\/energiaaeterna.com\/wp-content\/uploads\/2024\/04\/instalador-FV-energia-Aeterna.jpg\" class=\"attachment-full size-full lazyload\" alt=\"Keine Investition\" srcset=\"data:image\/svg+xml,%3Csvg%20xmlns%3D%27http%3A%2F%2Fwww.w3.org%2F2000%2Fsvg%27%20width%3D%27500%27%20height%3D%27500%27%20viewBox%3D%270%200%20500%20500%27%3E%3Crect%20width%3D%27500%27%20height%3D%27500%27%20fill-opacity%3D%220%22%2F%3E%3C%2Fsvg%3E\" data-orig-src=\"https:\/\/energiaaeterna.com\/wp-content\/uploads\/2024\/04\/instalador-FV-energia-Aeterna.jpg\" data-srcset=\"https:\/\/energiaaeterna.com\/wp-content\/uploads\/2024\/04\/instalador-FV-energia-Aeterna-200x200.jpg 200w, https:\/\/energiaaeterna.com\/wp-content\/uploads\/2024\/04\/instalador-FV-energia-Aeterna-400x400.jpg 400w, https:\/\/energiaaeterna.com\/wp-content\/uploads\/2024\/04\/instalador-FV-energia-Aeterna.jpg 500w\" data-sizes=\"auto\" \/><div class=\"awb-imageframe-caption-container\"><div class=\"awb-imageframe-caption\"><h3 class=\"awb-imageframe-caption-title\">Keine Investition<\/h3><p class=\"awb-imageframe-caption-text\">Wir gr\u00fcnden Solargemeinschaften, indem wir uns um die Kosten der Installation k\u00fcmmern<\/p><\/div><\/div><\/a><\/div><\/div><\/div><div class=\"swiper-slide\"><div class=\"fusion-carousel-item-wrapper\"><div class=\"fusion-image-wrapper awb-imageframe-style awb-imageframe-style-dany\"><a href=\"#\" target=\"_self\"><img decoding=\"async\" width=\"500\" height=\"500\" src=\"https:\/\/energiaaeterna.com\/wp-content\/uploads\/2024\/04\/Diseno-sin-titulo-63.jpg\" class=\"attachment-full size-full lazyload\" alt=\"\" srcset=\"data:image\/svg+xml,%3Csvg%20xmlns%3D%27http%3A%2F%2Fwww.w3.org%2F2000%2Fsvg%27%20width%3D%27500%27%20height%3D%27500%27%20viewBox%3D%270%200%20500%20500%27%3E%3Crect%20width%3D%27500%27%20height%3D%27500%27%20fill-opacity%3D%220%22%2F%3E%3C%2Fsvg%3E\" data-orig-src=\"https:\/\/energiaaeterna.com\/wp-content\/uploads\/2024\/04\/Diseno-sin-titulo-63.jpg\" data-srcset=\"https:\/\/energiaaeterna.com\/wp-content\/uploads\/2024\/04\/Diseno-sin-titulo-63-200x200.jpg 200w, https:\/\/energiaaeterna.com\/wp-content\/uploads\/2024\/04\/Diseno-sin-titulo-63-400x400.jpg 400w, https:\/\/energiaaeterna.com\/wp-content\/uploads\/2024\/04\/Diseno-sin-titulo-63.jpg 500w\" data-sizes=\"auto\" \/><div class=\"awb-imageframe-caption-container\"><div class=\"awb-imageframe-caption\"><h3 class=\"awb-imageframe-caption-title\">Werten Sie Ihr Geb\u00e4ude auf<\/h3><p class=\"awb-imageframe-caption-text\">Ihr Geb\u00e4ude oder Lagerhaus wird erheblich aufgewertet.<\/p><\/div><\/div><\/a><\/div><\/div><\/div><div class=\"swiper-slide\"><div class=\"fusion-carousel-item-wrapper\"><div class=\"fusion-image-wrapper awb-imageframe-style awb-imageframe-style-dany\"><a href=\"#\" target=\"_self\"><img decoding=\"async\" width=\"500\" height=\"500\" src=\"https:\/\/energiaaeterna.com\/wp-content\/uploads\/2024\/04\/Diseno-sin-titulo-62.jpg\" class=\"attachment-full size-full lazyload\" alt=\"\" srcset=\"data:image\/svg+xml,%3Csvg%20xmlns%3D%27http%3A%2F%2Fwww.w3.org%2F2000%2Fsvg%27%20width%3D%27500%27%20height%3D%27500%27%20viewBox%3D%270%200%20500%20500%27%3E%3Crect%20width%3D%27500%27%20height%3D%27500%27%20fill-opacity%3D%220%22%2F%3E%3C%2Fsvg%3E\" data-orig-src=\"https:\/\/energiaaeterna.com\/wp-content\/uploads\/2024\/04\/Diseno-sin-titulo-62.jpg\" data-srcset=\"https:\/\/energiaaeterna.com\/wp-content\/uploads\/2024\/04\/Diseno-sin-titulo-62-200x200.jpg 200w, https:\/\/energiaaeterna.com\/wp-content\/uploads\/2024\/04\/Diseno-sin-titulo-62-400x400.jpg 400w, https:\/\/energiaaeterna.com\/wp-content\/uploads\/2024\/04\/Diseno-sin-titulo-62.jpg 500w\" data-sizes=\"auto\" \/><div class=\"awb-imageframe-caption-container\"><div class=\"awb-imageframe-caption\"><h3 class=\"awb-imageframe-caption-title\">Nutzen f\u00fcr Ihre Nachbarn<\/h3><p class=\"awb-imageframe-caption-text\">Ihre Nachbarn in einem Umkreis von 2 km k\u00f6nnen von der erzeugten Energie profitieren.<\/p><\/div><\/div><\/a><\/div><\/div><\/div><\/div><\/div><\/div><ul style=\"--awb-line-height:23.8px;--awb-icon-width:23.8px;--awb-icon-height:23.8px;--awb-icon-margin:9.8px;--awb-content-margin:33.6px;\" class=\"fusion-checklist fusion-checklist-1 fusion-checklist-default type-icons\"><li class=\"fusion-li-item\" style=\"\"><span class=\"icon-wrapper circle-no\"><i class=\"fusion-li-icon fa-check fas\" aria-hidden=\"true\"><\/i><\/span><div class=\"fusion-li-item-content\">\n<p><strong>Sie t\u00e4tigen keine Investitionen.<\/strong> Wir gr\u00fcnden Solarenergie-Gemeinschaften und k\u00fcmmern uns um die Kosten f\u00fcr die Installationen,<strong> es ist v\u00f6llig kostenlos!!!!!<\/strong><\/p>\n<\/div><\/li><li class=\"fusion-li-item\" style=\"\"><span class=\"icon-wrapper circle-no\"><i class=\"fusion-li-icon fa-check fas\" aria-hidden=\"true\"><\/i><\/span><div class=\"fusion-li-item-content\">\n<p><strong>Sie steigern den Wert Ihres Geb\u00e4udes oder Lagers.<\/strong>  Ihr Geb\u00e4ude oder Ihre Halle wird erheblich aufgewertet. Zugleich tragen Sie dazu bei, den \u00dcbergang zu einem nachhaltigeren Energiesystem zu beschleunigen.<\/p>\n<\/div><\/li><li class=\"fusion-li-item\" style=\"\"><span class=\"icon-wrapper circle-no\"><i class=\"fusion-li-icon fa-check fas\" aria-hidden=\"true\"><\/i><\/span><div class=\"fusion-li-item-content\">\n<p><strong>Alle Ihre Nachbarn werden davon profitieren.<\/strong>  Alle Ihre Nachbarn in einem Umkreis von maximal 2 Kilometern k\u00f6nnen von der Energie profitieren, die auf dem Dach Ihres Geb\u00e4udes oder Industriegeb\u00e4udes erzeugt wird.<\/p>\n<\/div><\/li><li class=\"fusion-li-item\" style=\"\"><span class=\"icon-wrapper circle-no\"><i class=\"fusion-li-icon fa-check fas\" aria-hidden=\"true\"><\/i><\/span><div class=\"fusion-li-item-content\">\n<p><strong>Einsparungen bei Ihrer Stromrechnung.<\/strong> Ihre Mieter und Nachbarn werden von erheblichen<strong> Einsparungen bei ihren Stromrechnungen <\/strong>profitieren<strong>. <\/strong>Dar\u00fcber hinaus st\u00e4rkt dies die Verbindung Ihres Unternehmens mit Ihrer unmittelbaren Umgebung als Ma\u00dfstab im Kampf gegen den Klimawandel.<\/p>\n<\/div><\/li><\/ul><div class=\"fusion-separator fusion-full-width-sep\" style=\"align-self: center;margin-left: auto;margin-right: auto;margin-top:40px;width:100%;\"><\/div><div class=\"fusion-image-element \" style=\"--awb-caption-title-font-family:var(--h2_typography-font-family);--awb-caption-title-font-weight:var(--h2_typography-font-weight);--awb-caption-title-font-style:var(--h2_typography-font-style);--awb-caption-title-size:var(--h2_typography-font-size);--awb-caption-title-transform:var(--h2_typography-text-transform);--awb-caption-title-line-height:var(--h2_typography-line-height);--awb-caption-title-letter-spacing:var(--h2_typography-letter-spacing);\"><span class=\" fusion-imageframe imageframe-none imageframe-2 hover-type-zoomin\"><a href=\"https:\/\/energiaaeterna.com\/wp-content\/uploads\/2024\/04\/planta-fovovoltaica-en-cubierta-Energia-Aeterna-1.jpg\" class=\"fusion-lightbox\" data-rel=\"iLightbox[caf9316d941cafaa059]\" data-title=\"planta fovovoltaica en cubierta &#8211; Energ\u00eda Aeterna (1)\" title=\"planta fovovoltaica en cubierta &#8211; Energ\u00eda Aeterna (1)\"><img decoding=\"async\" width=\"1500\" height=\"700\" src=\"https:\/\/energiaaeterna.com\/wp-content\/uploads\/2024\/04\/planta-fovovoltaica-en-cubierta-Energia-Aeterna-1.jpg\" data-orig-src=\"https:\/\/energiaaeterna.com\/wp-content\/uploads\/2024\/04\/planta-fovovoltaica-en-cubierta-Energia-Aeterna-1.jpg\" alt class=\"lazyload img-responsive wp-image-2438\" srcset=\"data:image\/svg+xml,%3Csvg%20xmlns%3D%27http%3A%2F%2Fwww.w3.org%2F2000%2Fsvg%27%20width%3D%271500%27%20height%3D%27700%27%20viewBox%3D%270%200%201500%20700%27%3E%3Crect%20width%3D%271500%27%20height%3D%27700%27%20fill-opacity%3D%220%22%2F%3E%3C%2Fsvg%3E\" data-srcset=\"https:\/\/energiaaeterna.com\/wp-content\/uploads\/2024\/04\/planta-fovovoltaica-en-cubierta-Energia-Aeterna-1-200x93.jpg 200w, https:\/\/energiaaeterna.com\/wp-content\/uploads\/2024\/04\/planta-fovovoltaica-en-cubierta-Energia-Aeterna-1-400x187.jpg 400w, https:\/\/energiaaeterna.com\/wp-content\/uploads\/2024\/04\/planta-fovovoltaica-en-cubierta-Energia-Aeterna-1-600x280.jpg 600w, https:\/\/energiaaeterna.com\/wp-content\/uploads\/2024\/04\/planta-fovovoltaica-en-cubierta-Energia-Aeterna-1-800x373.jpg 800w, https:\/\/energiaaeterna.com\/wp-content\/uploads\/2024\/04\/planta-fovovoltaica-en-cubierta-Energia-Aeterna-1-1200x560.jpg 1200w, https:\/\/energiaaeterna.com\/wp-content\/uploads\/2024\/04\/planta-fovovoltaica-en-cubierta-Energia-Aeterna-1.jpg 1500w\" data-sizes=\"auto\" data-orig-sizes=\"(max-width: 1024px) 100vw, (max-width: 640px) 100vw, 800px\" \/><\/a><\/span><\/div><div class=\"fusion-separator fusion-full-width-sep\" style=\"align-self: center;margin-left: auto;margin-right: auto;margin-top:40px;width:100%;\"><\/div><div class=\"fusion-text fusion-text-3\" style=\"--awb-text-transform:none;\"><p>Lokale Energiegemeinschaften entstehen mit dem Ziel, ihre eigene Energie zu erzeugen, zu verbrauchen, zu speichern und zu verwalten, um sie in Haushalten und Unternehmen selbst zu verbrauchen. Da sie nicht \u00fcber eigene D\u00e4cher verf\u00fcgen, k\u00f6nnen sie diese in einem Umkreis von bis zu 2 Kilometern anmieten.<\/p>\n<\/div><div class=\"fusion-separator fusion-full-width-sep\" style=\"align-self: center;margin-left: auto;margin-right: auto;margin-top:40px;width:100%;\"><\/div><div style=\"text-align:center;\"><a class=\"fusion-button button-flat fusion-button-default-size button-default fusion-button-default button-1 fusion-button-default-span fusion-button-default-type\" target=\"_self\" href=\"https:\/\/energiaaeterna.com\/contacto\/\"><span class=\"fusion-button-text awb-button__text awb-button__text--default\">Angebot anfordern<\/span><\/a><\/div><div class=\"fusion-sharing-box fusion-sharing-box-1 boxed-icons has-taglines layout-floated layout-medium-floated layout-small-floated\" style=\"background-color:#f6f6f6;--awb-layout:row;--awb-alignment-small:space-between;\" data-title=\"Wir mieten Ihr Dach, um eine lokale Energiegemeinschaft zu gr\u00fcnden\" data-description=\"Wir mieten Ihr Dach f\u00fcr die Installation von Solaranlagen    \r\n\r\nWir suchen nach D\u00e4chern von mehr als 500 m2 in st\u00e4dtischen Gebieten, um Photovoltaikanlagen zu installieren. Sie werden 25 Jahre lang von den wirtschaftlichen Mieteinnahmen profitieren k\u00f6nnen.   \r\n\r\nSie t\u00e4tigen keine Investitionen. Wir\" data-link=\"https:\/\/energiaaeterna.com\/de\/wir-mieten-ihr-dach-um-eine-lokale-energiegemeinschaft-zu-gruenden\/\"><h4 class=\"tagline\" style=\"color:#858a9f;\">Teilen Sie es<\/h4><div class=\"fusion-social-networks sharingbox-shortcode-icon-wrapper sharingbox-shortcode-icon-wrapper-1 boxed-icons\"><span><a href=\"https:\/\/www.facebook.com\/sharer.php?u=https%3A%2F%2Fenergiaaeterna.com%2Fde%2Fwir-mieten-ihr-dach-um-eine-lokale-energiegemeinschaft-zu-gruenden%2F&amp;t=Wir%20mieten%20Ihr%20Dach%2C%20um%20eine%20lokale%20Energiegemeinschaft%20zu%20gr%C3%BCnden\" target=\"_blank\" rel=\"noreferrer\" title=\"Facebook\" aria-label=\"Facebook\"><i class=\"fusion-social-network-icon fusion-tooltip fusion-facebook awb-icon-facebook\" style=\"color:#ffffff;background-color:#3b5998;border-color:#3b5998;border-radius:0px;\" aria-hidden=\"true\"><\/i><\/a><\/span><span><a href=\"https:\/\/x.com\/intent\/post?text=Wir%20mieten%20Ihr%20Dach%2C%20um%20eine%20lokale%20Energiegemeinschaft%20zu%20gr%C3%BCnden&amp;url=https%3A%2F%2Fenergiaaeterna.com%2Fde%2Fwir-mieten-ihr-dach-um-eine-lokale-energiegemeinschaft-zu-gruenden%2F\" target=\"_blank\" rel=\"noopener noreferrer\" title=\"X\" aria-label=\"X\"><i class=\"fusion-social-network-icon fusion-tooltip fusion-twitter awb-icon-twitter\" style=\"color:#ffffff;background-color:#000000;border-color:#000000;border-radius:0px;\" aria-hidden=\"true\"><\/i><\/a><\/span><span><a href=\"https:\/\/www.linkedin.com\/shareArticle?mini=true&amp;url=https%3A%2F%2Fenergiaaeterna.com%2Fde%2Fwir-mieten-ihr-dach-um-eine-lokale-energiegemeinschaft-zu-gruenden%2F&amp;title=Wir%20mieten%20Ihr%20Dach%2C%20um%20eine%20lokale%20Energiegemeinschaft%20zu%20gr%C3%BCnden&amp;summary=Wir%20mieten%20Ihr%20Dach%20f%C3%BCr%20die%20Installation%20von%20Solaranlagen%20%20%20%20%20%20%20%0D%0A%0D%0AWir%20suchen%20nach%20D%C3%A4chern%20von%20mehr%20als%20500%20m2%20in%20st%C3%A4dtischen%20Gebieten%2C%20um%20Photovoltaikanlagen%20zu%20installieren.%20%20Sie%20werden%2025%20Jahre%20lang%20von%20den%20wirtschaftlichen%20Mieteinnahmen%20profitieren%20k%C3%B6nnen.%20%20%20%20%20%20%0D%0A%0D%0ASie%20t%C3%A4tigen%20keine%20Investitionen.%20Wir\" target=\"_blank\" rel=\"noopener noreferrer\" title=\"LinkedIn\" aria-label=\"LinkedIn\"><i class=\"fusion-social-network-icon fusion-tooltip fusion-linkedin awb-icon-linkedin\" style=\"color:#ffffff;background-color:#0077b5;border-color:#0077b5;border-radius:0px;\" aria-hidden=\"true\"><\/i><\/a><\/span><span><a href=\"https:\/\/api.whatsapp.com\/send?text=https%3A%2F%2Fenergiaaeterna.com%2Fde%2Fwir-mieten-ihr-dach-um-eine-lokale-energiegemeinschaft-zu-gruenden%2F\" target=\"_blank\" rel=\"noopener noreferrer\" title=\"WhatsApp\" aria-label=\"WhatsApp\"><i class=\"fusion-social-network-icon fusion-tooltip fusion-whatsapp awb-icon-whatsapp\" style=\"color:#ffffff;background-color:#77e878;border-color:#77e878;border-radius:0px;\" aria-hidden=\"true\"><\/i><\/a><\/span><\/div><\/div><div class=\"fusion-separator fusion-full-width-sep\" style=\"align-self: center;margin-left: auto;margin-right: auto;margin-top:40px;width:100%;\"><\/div><\/div><\/div><div class=\"fusion-layout-column fusion_builder_column fusion-builder-column-8 fusion_builder_column_1_6 1_6 fusion-flex-column\" style=\"--awb-bg-size:cover;--awb-width-large:16.666666666667%;--awb-margin-top-large:0px;--awb-spacing-right-large:11.52%;--awb-margin-bottom-large:0px;--awb-spacing-left-large:11.52%;--awb-width-medium:100%;--awb-spacing-right-medium:1.92%;--awb-spacing-left-medium:1.92%;--awb-width-small:100%;--awb-spacing-right-small:1.92%;--awb-spacing-left-small:1.92%;\"><div class=\"fusion-column-wrapper fusion-flex-justify-content-flex-start fusion-content-layout-column\"><\/div><\/div><\/div><\/div>\n","protected":false},"excerpt":{"rendered":"","protected":false},"author":1,"featured_media":2439,"comment_status":"open","ping_status":"closed","sticky":false,"template":"","format":"standard","meta":{"footnotes":""},"categories":[200,186],"tags":[201,228,226,215,251,249,246,218,250],"class_list":["post-2433","post","type-post","status-publish","format-standard","has-post-thumbnail","hentry","category-nachrichten","category-nicht-kategorisiert","tag-aetherna-energie","tag-eigenverbrauch-kanarische-inseln","tag-eigenverbrauch-teneriffa","tag-eigenverbrauch-von-strom-teneriffa","tag-energiegemeinschaft-auf-den-kanarischen-inseln","tag-energiegemeinschaft-teneriffa","tag-fotovoltaikanlage-teneriffa","tag-klimawandel-kanarische-inseln","tag-lokale-energiegemeinschaft"],"yoast_head":"<!-- This site is optimized with the Yoast SEO plugin v27.5 - https:\/\/yoast.com\/product\/yoast-seo-wordpress\/ -->\n<title>Wir mieten Ihr Dach, um eine Energiegemeinschaft zu gr\u00fcnden<\/title>\n<meta name=\"description\" content=\"Wir vermieten Ihr Dach, um eine Energiegemeinschaft zu gr\u00fcnden. Energ\u00eda Aeterna bietet Ihnen eine wirtschaftliche Mieteinnahme f\u00fcr 25 Jahre.\" \/>\n<meta name=\"robots\" content=\"index, follow, max-snippet:-1, max-image-preview:large, max-video-preview:-1\" \/>\n<link rel=\"canonical\" href=\"https:\/\/energiaaeterna.com\/de\/wir-mieten-ihr-dach-um-eine-lokale-energiegemeinschaft-zu-gruenden\/\" \/>\n<meta property=\"og:locale\" content=\"de_DE\" \/>\n<meta property=\"og:type\" content=\"article\" \/>\n<meta property=\"og:title\" content=\"Wir mieten Ihr Dach, um eine Solarenergiegemeinschaft zu gr\u00fcnden\" \/>\n<meta property=\"og:description\" content=\"Wir vermieten Ihr Dach, um eine Energiegemeinschaft zu gr\u00fcnden. Energ\u00eda Aeterna bietet Ihnen eine wirtschaftliche Mieteinnahme f\u00fcr 25 Jahre.\" \/>\n<meta property=\"og:url\" content=\"https:\/\/energiaaeterna.com\/de\/wir-mieten-ihr-dach-um-eine-lokale-energiegemeinschaft-zu-gruenden\/\" \/>\n<meta property=\"og:site_name\" content=\"Energ\u00eda Aeterna\" \/>\n<meta property=\"article:publisher\" content=\"https:\/\/www.facebook.com\/energiaaeterna\/\" \/>\n<meta property=\"article:published_time\" content=\"2024-04-01T11:15:12+00:00\" \/>\n<meta property=\"article:modified_time\" content=\"2025-03-26T17:29:50+00:00\" \/>\n<meta property=\"og:image\" content=\"https:\/\/energiaaeterna.com\/wp-content\/uploads\/2024\/04\/planta-fovovoltaica-en-cubierta-Energia-Aeterna-500-x-350-px.jpg\" \/>\n<meta name=\"author\" content=\"admin\" \/>\n<meta name=\"twitter:card\" content=\"summary_large_image\" \/>\n<meta name=\"twitter:label1\" content=\"Verfasst von\" \/>\n\t<meta name=\"twitter:data1\" content=\"admin\" \/>\n\t<meta name=\"twitter:label2\" content=\"Gesch\u00e4tzte Lesezeit\" \/>\n\t<meta name=\"twitter:data2\" content=\"15\u00a0Minuten\" \/>\n<script type=\"application\/ld+json\" class=\"yoast-schema-graph\">{\"@context\":\"https:\\\/\\\/schema.org\",\"@graph\":[{\"@type\":\"Article\",\"@id\":\"https:\\\/\\\/energiaaeterna.com\\\/de\\\/wir-mieten-ihr-dach-um-eine-lokale-energiegemeinschaft-zu-gruenden\\\/#article\",\"isPartOf\":{\"@id\":\"https:\\\/\\\/energiaaeterna.com\\\/de\\\/wir-mieten-ihr-dach-um-eine-lokale-energiegemeinschaft-zu-gruenden\\\/\"},\"author\":{\"name\":\"admin\",\"@id\":\"https:\\\/\\\/energiaaeterna.com\\\/de\\\/#\\\/schema\\\/person\\\/50e901fb125a8ad644cb8ab2383aeef3\"},\"headline\":\"Wir mieten Ihr Dach, um eine lokale Energiegemeinschaft zu gr\u00fcnden\",\"datePublished\":\"2024-04-01T11:15:12+00:00\",\"dateModified\":\"2025-03-26T17:29:50+00:00\",\"mainEntityOfPage\":{\"@id\":\"https:\\\/\\\/energiaaeterna.com\\\/de\\\/wir-mieten-ihr-dach-um-eine-lokale-energiegemeinschaft-zu-gruenden\\\/\"},\"wordCount\":3085,\"commentCount\":0,\"publisher\":{\"@id\":\"https:\\\/\\\/energiaaeterna.com\\\/de\\\/#organization\"},\"image\":{\"@id\":\"https:\\\/\\\/energiaaeterna.com\\\/de\\\/wir-mieten-ihr-dach-um-eine-lokale-energiegemeinschaft-zu-gruenden\\\/#primaryimage\"},\"thumbnailUrl\":\"https:\\\/\\\/energiaaeterna.com\\\/wp-content\\\/uploads\\\/2024\\\/04\\\/planta-fovovoltaica-en-cubierta-Energia-Aeterna-500-x-350-px.jpg\",\"keywords\":[\"aetherna Energie\",\"Eigenverbrauch Kanarische Inseln\",\"Eigenverbrauch Teneriffa\",\"Eigenverbrauch von Strom Teneriffa\",\"Energiegemeinschaft auf den Kanarischen Inseln\",\"Energiegemeinschaft Teneriffa\",\"Fotovoltaikanlage Teneriffa\",\"Klimawandel Kanarische Inseln\",\"Lokale Energiegemeinschaft\"],\"articleSection\":[\"Nachrichten\",\"Nicht kategorisiert\"],\"inLanguage\":\"de\",\"potentialAction\":[{\"@type\":\"CommentAction\",\"name\":\"Comment\",\"target\":[\"https:\\\/\\\/energiaaeterna.com\\\/de\\\/wir-mieten-ihr-dach-um-eine-lokale-energiegemeinschaft-zu-gruenden\\\/#respond\"]}]},{\"@type\":\"WebPage\",\"@id\":\"https:\\\/\\\/energiaaeterna.com\\\/de\\\/wir-mieten-ihr-dach-um-eine-lokale-energiegemeinschaft-zu-gruenden\\\/\",\"url\":\"https:\\\/\\\/energiaaeterna.com\\\/de\\\/wir-mieten-ihr-dach-um-eine-lokale-energiegemeinschaft-zu-gruenden\\\/\",\"name\":\"Wir mieten Ihr Dach, um eine Energiegemeinschaft zu gr\u00fcnden\",\"isPartOf\":{\"@id\":\"https:\\\/\\\/energiaaeterna.com\\\/de\\\/#website\"},\"primaryImageOfPage\":{\"@id\":\"https:\\\/\\\/energiaaeterna.com\\\/de\\\/wir-mieten-ihr-dach-um-eine-lokale-energiegemeinschaft-zu-gruenden\\\/#primaryimage\"},\"image\":{\"@id\":\"https:\\\/\\\/energiaaeterna.com\\\/de\\\/wir-mieten-ihr-dach-um-eine-lokale-energiegemeinschaft-zu-gruenden\\\/#primaryimage\"},\"thumbnailUrl\":\"https:\\\/\\\/energiaaeterna.com\\\/wp-content\\\/uploads\\\/2024\\\/04\\\/planta-fovovoltaica-en-cubierta-Energia-Aeterna-500-x-350-px.jpg\",\"datePublished\":\"2024-04-01T11:15:12+00:00\",\"dateModified\":\"2025-03-26T17:29:50+00:00\",\"description\":\"Wir vermieten Ihr Dach, um eine Energiegemeinschaft zu gr\u00fcnden. Energ\u00eda Aeterna bietet Ihnen eine wirtschaftliche Mieteinnahme f\u00fcr 25 Jahre.\",\"breadcrumb\":{\"@id\":\"https:\\\/\\\/energiaaeterna.com\\\/de\\\/wir-mieten-ihr-dach-um-eine-lokale-energiegemeinschaft-zu-gruenden\\\/#breadcrumb\"},\"inLanguage\":\"de\",\"potentialAction\":[{\"@type\":\"ReadAction\",\"target\":[\"https:\\\/\\\/energiaaeterna.com\\\/de\\\/wir-mieten-ihr-dach-um-eine-lokale-energiegemeinschaft-zu-gruenden\\\/\"]}]},{\"@type\":\"ImageObject\",\"inLanguage\":\"de\",\"@id\":\"https:\\\/\\\/energiaaeterna.com\\\/de\\\/wir-mieten-ihr-dach-um-eine-lokale-energiegemeinschaft-zu-gruenden\\\/#primaryimage\",\"url\":\"https:\\\/\\\/energiaaeterna.com\\\/wp-content\\\/uploads\\\/2024\\\/04\\\/planta-fovovoltaica-en-cubierta-Energia-Aeterna-500-x-350-px.jpg\",\"contentUrl\":\"https:\\\/\\\/energiaaeterna.com\\\/wp-content\\\/uploads\\\/2024\\\/04\\\/planta-fovovoltaica-en-cubierta-Energia-Aeterna-500-x-350-px.jpg\",\"width\":500,\"height\":350},{\"@type\":\"BreadcrumbList\",\"@id\":\"https:\\\/\\\/energiaaeterna.com\\\/de\\\/wir-mieten-ihr-dach-um-eine-lokale-energiegemeinschaft-zu-gruenden\\\/#breadcrumb\",\"itemListElement\":[{\"@type\":\"ListItem\",\"position\":1,\"name\":\"Home\",\"item\":\"https:\\\/\\\/energiaaeterna.com\\\/de\\\/\"},{\"@type\":\"ListItem\",\"position\":2,\"name\":\"Wir mieten Ihr Dach, um eine lokale Energiegemeinschaft zu gr\u00fcnden\"}]},{\"@type\":\"WebSite\",\"@id\":\"https:\\\/\\\/energiaaeterna.com\\\/de\\\/#website\",\"url\":\"https:\\\/\\\/energiaaeterna.com\\\/de\\\/\",\"name\":\"Energ\u00eda Aeterna\",\"description\":\"Empresa de Energ\u00edas Renovables en Tenerife\",\"publisher\":{\"@id\":\"https:\\\/\\\/energiaaeterna.com\\\/de\\\/#organization\"},\"potentialAction\":[{\"@type\":\"SearchAction\",\"target\":{\"@type\":\"EntryPoint\",\"urlTemplate\":\"https:\\\/\\\/energiaaeterna.com\\\/de\\\/?s={search_term_string}\"},\"query-input\":{\"@type\":\"PropertyValueSpecification\",\"valueRequired\":true,\"valueName\":\"search_term_string\"}}],\"inLanguage\":\"de\"},{\"@type\":\"Organization\",\"@id\":\"https:\\\/\\\/energiaaeterna.com\\\/de\\\/#organization\",\"name\":\"Energ\u00eda Aeterna\",\"url\":\"https:\\\/\\\/energiaaeterna.com\\\/de\\\/\",\"logo\":{\"@type\":\"ImageObject\",\"inLanguage\":\"de\",\"@id\":\"https:\\\/\\\/energiaaeterna.com\\\/de\\\/#\\\/schema\\\/logo\\\/image\\\/\",\"url\":\"https:\\\/\\\/i2.wp.com\\\/energiaaeterna.com\\\/wp-content\\\/uploads\\\/2019\\\/08\\\/Energia-Aeterna-Logo-2-Color.png?fit=3544%2C947&ssl=1\",\"contentUrl\":\"https:\\\/\\\/i2.wp.com\\\/energiaaeterna.com\\\/wp-content\\\/uploads\\\/2019\\\/08\\\/Energia-Aeterna-Logo-2-Color.png?fit=3544%2C947&ssl=1\",\"width\":3544,\"height\":947,\"caption\":\"Energ\u00eda Aeterna\"},\"image\":{\"@id\":\"https:\\\/\\\/energiaaeterna.com\\\/de\\\/#\\\/schema\\\/logo\\\/image\\\/\"},\"sameAs\":[\"https:\\\/\\\/www.facebook.com\\\/energiaaeterna\\\/\",\"https:\\\/\\\/www.instagram.com\\\/energiaaeterna\\\/\",\"https:\\\/\\\/www.linkedin.com\\\/company\\\/77012092\\\/admin\\\/\"]},{\"@type\":\"Person\",\"@id\":\"https:\\\/\\\/energiaaeterna.com\\\/de\\\/#\\\/schema\\\/person\\\/50e901fb125a8ad644cb8ab2383aeef3\",\"name\":\"admin\",\"image\":{\"@type\":\"ImageObject\",\"inLanguage\":\"de\",\"@id\":\"https:\\\/\\\/secure.gravatar.com\\\/avatar\\\/007fd41d527922d4346e4884737adb9b9c16a5c1beab37f9b8f3fbc5d1f0742b?s=96&d=mm&r=g\",\"url\":\"https:\\\/\\\/secure.gravatar.com\\\/avatar\\\/007fd41d527922d4346e4884737adb9b9c16a5c1beab37f9b8f3fbc5d1f0742b?s=96&d=mm&r=g\",\"contentUrl\":\"https:\\\/\\\/secure.gravatar.com\\\/avatar\\\/007fd41d527922d4346e4884737adb9b9c16a5c1beab37f9b8f3fbc5d1f0742b?s=96&d=mm&r=g\",\"caption\":\"admin\"}}]}<\/script>\n<!-- \/ Yoast SEO plugin. -->","yoast_head_json":{"title":"Wir mieten Ihr Dach, um eine Energiegemeinschaft zu gr\u00fcnden","description":"Wir vermieten Ihr Dach, um eine Energiegemeinschaft zu gr\u00fcnden. Energ\u00eda Aeterna bietet Ihnen eine wirtschaftliche Mieteinnahme f\u00fcr 25 Jahre.","robots":{"index":"index","follow":"follow","max-snippet":"max-snippet:-1","max-image-preview":"max-image-preview:large","max-video-preview":"max-video-preview:-1"},"canonical":"https:\/\/energiaaeterna.com\/de\/wir-mieten-ihr-dach-um-eine-lokale-energiegemeinschaft-zu-gruenden\/","og_locale":"de_DE","og_type":"article","og_title":"Wir mieten Ihr Dach, um eine Solarenergiegemeinschaft zu gr\u00fcnden","og_description":"Wir vermieten Ihr Dach, um eine Energiegemeinschaft zu gr\u00fcnden. Energ\u00eda Aeterna bietet Ihnen eine wirtschaftliche Mieteinnahme f\u00fcr 25 Jahre.","og_url":"https:\/\/energiaaeterna.com\/de\/wir-mieten-ihr-dach-um-eine-lokale-energiegemeinschaft-zu-gruenden\/","og_site_name":"Energ\u00eda Aeterna","article_publisher":"https:\/\/www.facebook.com\/energiaaeterna\/","article_published_time":"2024-04-01T11:15:12+00:00","article_modified_time":"2025-03-26T17:29:50+00:00","og_image":[{"url":"https:\/\/energiaaeterna.com\/wp-content\/uploads\/2024\/04\/planta-fovovoltaica-en-cubierta-Energia-Aeterna-500-x-350-px.jpg","type":"","width":"","height":""}],"author":"admin","twitter_card":"summary_large_image","twitter_misc":{"Verfasst von":"admin","Gesch\u00e4tzte Lesezeit":"15\u00a0Minuten"},"schema":{"@context":"https:\/\/schema.org","@graph":[{"@type":"Article","@id":"https:\/\/energiaaeterna.com\/de\/wir-mieten-ihr-dach-um-eine-lokale-energiegemeinschaft-zu-gruenden\/#article","isPartOf":{"@id":"https:\/\/energiaaeterna.com\/de\/wir-mieten-ihr-dach-um-eine-lokale-energiegemeinschaft-zu-gruenden\/"},"author":{"name":"admin","@id":"https:\/\/energiaaeterna.com\/de\/#\/schema\/person\/50e901fb125a8ad644cb8ab2383aeef3"},"headline":"Wir mieten Ihr Dach, um eine lokale Energiegemeinschaft zu gr\u00fcnden","datePublished":"2024-04-01T11:15:12+00:00","dateModified":"2025-03-26T17:29:50+00:00","mainEntityOfPage":{"@id":"https:\/\/energiaaeterna.com\/de\/wir-mieten-ihr-dach-um-eine-lokale-energiegemeinschaft-zu-gruenden\/"},"wordCount":3085,"commentCount":0,"publisher":{"@id":"https:\/\/energiaaeterna.com\/de\/#organization"},"image":{"@id":"https:\/\/energiaaeterna.com\/de\/wir-mieten-ihr-dach-um-eine-lokale-energiegemeinschaft-zu-gruenden\/#primaryimage"},"thumbnailUrl":"https:\/\/energiaaeterna.com\/wp-content\/uploads\/2024\/04\/planta-fovovoltaica-en-cubierta-Energia-Aeterna-500-x-350-px.jpg","keywords":["aetherna Energie","Eigenverbrauch Kanarische Inseln","Eigenverbrauch Teneriffa","Eigenverbrauch von Strom Teneriffa","Energiegemeinschaft auf den Kanarischen Inseln","Energiegemeinschaft Teneriffa","Fotovoltaikanlage Teneriffa","Klimawandel Kanarische Inseln","Lokale Energiegemeinschaft"],"articleSection":["Nachrichten","Nicht kategorisiert"],"inLanguage":"de","potentialAction":[{"@type":"CommentAction","name":"Comment","target":["https:\/\/energiaaeterna.com\/de\/wir-mieten-ihr-dach-um-eine-lokale-energiegemeinschaft-zu-gruenden\/#respond"]}]},{"@type":"WebPage","@id":"https:\/\/energiaaeterna.com\/de\/wir-mieten-ihr-dach-um-eine-lokale-energiegemeinschaft-zu-gruenden\/","url":"https:\/\/energiaaeterna.com\/de\/wir-mieten-ihr-dach-um-eine-lokale-energiegemeinschaft-zu-gruenden\/","name":"Wir mieten Ihr Dach, um eine Energiegemeinschaft zu gr\u00fcnden","isPartOf":{"@id":"https:\/\/energiaaeterna.com\/de\/#website"},"primaryImageOfPage":{"@id":"https:\/\/energiaaeterna.com\/de\/wir-mieten-ihr-dach-um-eine-lokale-energiegemeinschaft-zu-gruenden\/#primaryimage"},"image":{"@id":"https:\/\/energiaaeterna.com\/de\/wir-mieten-ihr-dach-um-eine-lokale-energiegemeinschaft-zu-gruenden\/#primaryimage"},"thumbnailUrl":"https:\/\/energiaaeterna.com\/wp-content\/uploads\/2024\/04\/planta-fovovoltaica-en-cubierta-Energia-Aeterna-500-x-350-px.jpg","datePublished":"2024-04-01T11:15:12+00:00","dateModified":"2025-03-26T17:29:50+00:00","description":"Wir vermieten Ihr Dach, um eine Energiegemeinschaft zu gr\u00fcnden. Energ\u00eda Aeterna bietet Ihnen eine wirtschaftliche Mieteinnahme f\u00fcr 25 Jahre.","breadcrumb":{"@id":"https:\/\/energiaaeterna.com\/de\/wir-mieten-ihr-dach-um-eine-lokale-energiegemeinschaft-zu-gruenden\/#breadcrumb"},"inLanguage":"de","potentialAction":[{"@type":"ReadAction","target":["https:\/\/energiaaeterna.com\/de\/wir-mieten-ihr-dach-um-eine-lokale-energiegemeinschaft-zu-gruenden\/"]}]},{"@type":"ImageObject","inLanguage":"de","@id":"https:\/\/energiaaeterna.com\/de\/wir-mieten-ihr-dach-um-eine-lokale-energiegemeinschaft-zu-gruenden\/#primaryimage","url":"https:\/\/energiaaeterna.com\/wp-content\/uploads\/2024\/04\/planta-fovovoltaica-en-cubierta-Energia-Aeterna-500-x-350-px.jpg","contentUrl":"https:\/\/energiaaeterna.com\/wp-content\/uploads\/2024\/04\/planta-fovovoltaica-en-cubierta-Energia-Aeterna-500-x-350-px.jpg","width":500,"height":350},{"@type":"BreadcrumbList","@id":"https:\/\/energiaaeterna.com\/de\/wir-mieten-ihr-dach-um-eine-lokale-energiegemeinschaft-zu-gruenden\/#breadcrumb","itemListElement":[{"@type":"ListItem","position":1,"name":"Home","item":"https:\/\/energiaaeterna.com\/de\/"},{"@type":"ListItem","position":2,"name":"Wir mieten Ihr Dach, um eine lokale Energiegemeinschaft zu gr\u00fcnden"}]},{"@type":"WebSite","@id":"https:\/\/energiaaeterna.com\/de\/#website","url":"https:\/\/energiaaeterna.com\/de\/","name":"Energ\u00eda Aeterna","description":"Empresa de Energ\u00edas Renovables en Tenerife","publisher":{"@id":"https:\/\/energiaaeterna.com\/de\/#organization"},"potentialAction":[{"@type":"SearchAction","target":{"@type":"EntryPoint","urlTemplate":"https:\/\/energiaaeterna.com\/de\/?s={search_term_string}"},"query-input":{"@type":"PropertyValueSpecification","valueRequired":true,"valueName":"search_term_string"}}],"inLanguage":"de"},{"@type":"Organization","@id":"https:\/\/energiaaeterna.com\/de\/#organization","name":"Energ\u00eda Aeterna","url":"https:\/\/energiaaeterna.com\/de\/","logo":{"@type":"ImageObject","inLanguage":"de","@id":"https:\/\/energiaaeterna.com\/de\/#\/schema\/logo\/image\/","url":"https:\/\/i2.wp.com\/energiaaeterna.com\/wp-content\/uploads\/2019\/08\/Energia-Aeterna-Logo-2-Color.png?fit=3544%2C947&ssl=1","contentUrl":"https:\/\/i2.wp.com\/energiaaeterna.com\/wp-content\/uploads\/2019\/08\/Energia-Aeterna-Logo-2-Color.png?fit=3544%2C947&ssl=1","width":3544,"height":947,"caption":"Energ\u00eda Aeterna"},"image":{"@id":"https:\/\/energiaaeterna.com\/de\/#\/schema\/logo\/image\/"},"sameAs":["https:\/\/www.facebook.com\/energiaaeterna\/","https:\/\/www.instagram.com\/energiaaeterna\/","https:\/\/www.linkedin.com\/company\/77012092\/admin\/"]},{"@type":"Person","@id":"https:\/\/energiaaeterna.com\/de\/#\/schema\/person\/50e901fb125a8ad644cb8ab2383aeef3","name":"admin","image":{"@type":"ImageObject","inLanguage":"de","@id":"https:\/\/secure.gravatar.com\/avatar\/007fd41d527922d4346e4884737adb9b9c16a5c1beab37f9b8f3fbc5d1f0742b?s=96&d=mm&r=g","url":"https:\/\/secure.gravatar.com\/avatar\/007fd41d527922d4346e4884737adb9b9c16a5c1beab37f9b8f3fbc5d1f0742b?s=96&d=mm&r=g","contentUrl":"https:\/\/secure.gravatar.com\/avatar\/007fd41d527922d4346e4884737adb9b9c16a5c1beab37f9b8f3fbc5d1f0742b?s=96&d=mm&r=g","caption":"admin"}}]}},"_links":{"self":[{"href":"https:\/\/energiaaeterna.com\/de\/wp-json\/wp\/v2\/posts\/2433","targetHints":{"allow":["GET"]}}],"collection":[{"href":"https:\/\/energiaaeterna.com\/de\/wp-json\/wp\/v2\/posts"}],"about":[{"href":"https:\/\/energiaaeterna.com\/de\/wp-json\/wp\/v2\/types\/post"}],"author":[{"embeddable":true,"href":"https:\/\/energiaaeterna.com\/de\/wp-json\/wp\/v2\/users\/1"}],"replies":[{"embeddable":true,"href":"https:\/\/energiaaeterna.com\/de\/wp-json\/wp\/v2\/comments?post=2433"}],"version-history":[{"count":1,"href":"https:\/\/energiaaeterna.com\/de\/wp-json\/wp\/v2\/posts\/2433\/revisions"}],"predecessor-version":[{"id":2442,"href":"https:\/\/energiaaeterna.com\/de\/wp-json\/wp\/v2\/posts\/2433\/revisions\/2442"}],"wp:featuredmedia":[{"embeddable":true,"href":"https:\/\/energiaaeterna.com\/de\/wp-json\/wp\/v2\/media\/2439"}],"wp:attachment":[{"href":"https:\/\/energiaaeterna.com\/de\/wp-json\/wp\/v2\/media?parent=2433"}],"wp:term":[{"taxonomy":"category","embeddable":true,"href":"https:\/\/energiaaeterna.com\/de\/wp-json\/wp\/v2\/categories?post=2433"},{"taxonomy":"post_tag","embeddable":true,"href":"https:\/\/energiaaeterna.com\/de\/wp-json\/wp\/v2\/tags?post=2433"}],"curies":[{"name":"wp","href":"https:\/\/api.w.org\/{rel}","templated":true}]}}